{"id":1601,"date":"2015-11-25T08:40:05","date_gmt":"2015-11-25T00:40:05","guid":{"rendered":"https:\/\/marica.org\/?p=1601"},"modified":"2024-04-02T10:33:37","modified_gmt":"2024-04-02T10:33:37","slug":"hejri-heyri","status":"publish","type":"post","link":"https:\/\/marica.org\/?p=1601","title":{"rendered":"Hejri (Heyri)"},"content":{"rendered":"\t\t<div data-elementor-type=\"wp-post\" data-elementor-id=\"1601\" class=\"elementor elementor-1601\">\n\t\t\t\t<div class=\"elementor-element elementor-element-588dcae e-flex e-con-boxed e-con e-parent\" data-id=\"588dcae\" data-element_type=\"container\">\n\t\t\t\t\t<div class=\"e-con-inner\">\n\t\t\t\t<div class=\"elementor-element elementor-element-895345a elementor-widget elementor-widget-text-editor\" data-id=\"895345a\" data-element_type=\"widget\" data-widget_type=\"text-editor.default\">\n\t\t\t\t<div class=\"elementor-widget-container\">\n\t\t\t\t\t\t\t\t\t<p>Od sletanja u Seul, do poletanja iz istog dve nedelje kasnije, Ju\u017ena Koreja nije prestajala da me iznena\u0111uje i zbunjuje. Izostao je veliki kulturolo\u0161ki \u0161ok, jer na neki na\u010din podse\u0107a na ve\u0107 vi\u0111ene predele po Aziji. No, sve je izgledalo druga\u010dije od onog korejskog koje sam ja vi\u0111ela i sretala, van same Koreje. Naime, kad god otkrijem neku novu slatku d\u017eid\u017eabid\u017earnicu u Singapuru, ispostavi se da se u njoj prodaju stvari iz Koreje. Sitnice, poput oslikanih blok\u010di\u0107a, nalepnica, olovki, privezaka, ma\u0161nica, \u0161nalica i sl. 90% garderobe koju sam kupila u Singapuru na sebi ima etiketu \u201cproizvedeno u J. Koreji\u201d, i sve do jedne su korejske radnje. Meni omiljeni restorani u Singapuru su upravo korejski. Ve\u0107 dve godine \u010ditam postove blogera, mahom stranaca sa trenutnim boravkom u Koreji, koji hvalospevima opisuju korejske prirodne lepote. Da ne pominjem da sam se u poslednje vreme gotovo u potpunosti posvetila korejskim stripovima. Na neki na\u010din, o\u010dekivala sam da \u0107e Ju\u017ena Koreja biti me\u0161avina svega gore navedenog. Ali, ona je samo na retke momente to bila.<\/p>\t\t\t\t\t\t\t\t<\/div>\n\t\t\t\t<\/div>\n\t\t\t\t<div class=\"elementor-element elementor-element-fb41aba elementor-widget elementor-widget-mkdf_single_image\" data-id=\"fb41aba\" data-element_type=\"widget\" data-widget_type=\"mkdf_single_image.default\">\n\t\t\t\t<div class=\"elementor-widget-container\">\n\t\t\t\t\t<div class=\"mkdf-single-image-holder   \">\n    <div class=\"mkdf-si-inner\" >\n                                    <img fetchpriority=\"high\" decoding=\"async\" width=\"1200\" height=\"800\" src=\"https:\/\/marica.org\/wp-content\/uploads\/2024\/04\/heyri-1.jpg\" class=\"attachment-full size-full\" alt=\"\" srcset=\"https:\/\/marica.org\/wp-content\/uploads\/2024\/04\/heyri-1.jpg 1200w, https:\/\/marica.org\/wp-content\/uploads\/2024\/04\/heyri-1-300x200.jpg 300w, https:\/\/marica.org\/wp-content\/uploads\/2024\/04\/heyri-1-1024x683.jpg 1024w, https:\/\/marica.org\/wp-content\/uploads\/2024\/04\/heyri-1-768x512.jpg 768w\" sizes=\"(max-width: 1200px) 100vw, 1200px\" \/>                        <\/div>\n<\/div>\t\t\t\t<\/div>\n\t\t\t\t<\/div>\n\t\t\t\t<div class=\"elementor-element elementor-element-27d8894 elementor-widget elementor-widget-text-editor\" data-id=\"27d8894\" data-element_type=\"widget\" data-widget_type=\"text-editor.default\">\n\t\t\t\t<div class=\"elementor-widget-container\">\n\t\t\t\t\t\t\t\t\t<p>To me nije razo\u010daralo, jer ova nova, prava Koreja ima mno\u0161tvo stvari zbog kojih \u0107ete pasti na dupe. OK, mo\u017eda sam malo bila razo\u010darana onim odlaskom na <a href=\"https:\/\/marica.org\/?p=1575\" target=\"_blank\" rel=\"noopener noreferrer\">Seoraksan<\/a>. Dobro, dobro, malo vi\u0161e. Dodu\u0161e, za to sam sama kriva jer sam u onim hvalospevima zanemarivala ta mala, usputna, gun\u0111anja na gu\u017evu. U moju odbranu, uzmite u obzir, da sam ja to na\u0161e putovanje zamislila kao prili\u010dno aktivno i u prirodi. To \u0161to se neplanirano zavr\u0161ilo kao kulturno-urbana poseta mahom Seula, uop\u0161te nije pomoglo. Sad sa ove daljine, \u010dini mi se da ja od te ideje \u201cho\u0107u da obujem planinarske cokule i \u0161etam po brdima\u201d, ja i nisam iskreno ni u jednom momentu, odustala.<\/p><p>No, \u010dak i ako bih uspela da nekako izbacim svo to nezadovoljstvo, \u0161to je ovaj svet (sram ga bilo!) druga\u010diji od onog kakvog ga ja \u017eelim u datom momentu, i dalje ostaje \u010dinjenica, da sam \u010desto imala utisak da se u J. Koreji s nekim igram gluvih telefona. Kako je Miljan bio apsolutno o\u010daran J. Korejom i na\u0161u promenu plana puta nije tako tragi\u010dno do\u017eiveo, ja sam \u010desto njega koristila kao medijum izme\u0111u mene i mojih reakcija na vi\u0111eno. I dalje, ose\u0107anje koje u meni preovla\u0111uje o svemu do\u017eivljenom u J. Koreji, sa ove vremenske i prostorne distance, je zbunjenost.<\/p>\t\t\t\t\t\t\t\t<\/div>\n\t\t\t\t<\/div>\n\t\t\t\t<div class=\"elementor-element elementor-element-2162a36 elementor-widget elementor-widget-mkdf_single_image\" data-id=\"2162a36\" data-element_type=\"widget\" data-widget_type=\"mkdf_single_image.default\">\n\t\t\t\t<div class=\"elementor-widget-container\">\n\t\t\t\t\t<div class=\"mkdf-single-image-holder   \">\n    <div class=\"mkdf-si-inner\" >\n                                    <img decoding=\"async\" width=\"1200\" height=\"800\" src=\"https:\/\/marica.org\/wp-content\/uploads\/2024\/04\/heyri-4.jpg\" class=\"attachment-full size-full\" alt=\"\" srcset=\"https:\/\/marica.org\/wp-content\/uploads\/2024\/04\/heyri-4.jpg 1200w, https:\/\/marica.org\/wp-content\/uploads\/2024\/04\/heyri-4-300x200.jpg 300w, https:\/\/marica.org\/wp-content\/uploads\/2024\/04\/heyri-4-1024x683.jpg 1024w, https:\/\/marica.org\/wp-content\/uploads\/2024\/04\/heyri-4-768x512.jpg 768w\" sizes=\"(max-width: 1200px) 100vw, 1200px\" \/>                        <\/div>\n<\/div>\t\t\t\t<\/div>\n\t\t\t\t<\/div>\n\t\t\t\t<div class=\"elementor-element elementor-element-e2bef56 elementor-widget elementor-widget-mkdf_single_image\" data-id=\"e2bef56\" data-element_type=\"widget\" data-widget_type=\"mkdf_single_image.default\">\n\t\t\t\t<div class=\"elementor-widget-container\">\n\t\t\t\t\t<div class=\"mkdf-single-image-holder   \">\n    <div class=\"mkdf-si-inner\" >\n                                    <img decoding=\"async\" width=\"1200\" height=\"800\" src=\"https:\/\/marica.org\/wp-content\/uploads\/2024\/04\/heyri-21.jpg\" class=\"attachment-full size-full\" alt=\"\" srcset=\"https:\/\/marica.org\/wp-content\/uploads\/2024\/04\/heyri-21.jpg 1200w, https:\/\/marica.org\/wp-content\/uploads\/2024\/04\/heyri-21-300x200.jpg 300w, https:\/\/marica.org\/wp-content\/uploads\/2024\/04\/heyri-21-1024x683.jpg 1024w, https:\/\/marica.org\/wp-content\/uploads\/2024\/04\/heyri-21-768x512.jpg 768w\" sizes=\"(max-width: 1200px) 100vw, 1200px\" \/>                        <\/div>\n<\/div>\t\t\t\t<\/div>\n\t\t\t\t<\/div>\n\t\t\t\t<div class=\"elementor-element elementor-element-6e28673 elementor-widget elementor-widget-text-editor\" data-id=\"6e28673\" data-element_type=\"widget\" data-widget_type=\"text-editor.default\">\n\t\t\t\t<div class=\"elementor-widget-container\">\n\t\t\t\t\t\t\t\t\t<p>Poseta Hejri selu mo\u017eda najbolje do\u010darava moj do\u017eivljaj Ju\u017ene Koreje i tu izgubljenost o kojoj pri\u010dam. Hejri je seoce koje se nalazi na severu zemlje, na manje od sat vremena vo\u017enje od Seula. Oko Seula postoji nekoliko tematskih sela koja su planski gra\u0111ena. I mahom su sva prema granici sa Severnom Korejom. Te tako na putu do Hejrija koje je umetni\u010dko selo (Heyri Art valley) i koje je najsevernije, mo\u017eete svratiti u Sve-na-rasprodaji selo (Paju Premium Outlets), Knji\u0161ko selo (Paju Book City), Francusko selo (Paju Provence Village) i Englesko selo (Paju English Village). Hejri selo se reklamira kao steci\u0161te umetnika razli\u010ditih bran\u0161i, kao selo u kojem ima vi\u0161e galerija i muzeja nego stanovnika. Kako smo mi ve\u0107 dosta skitali po seulskim muzejima i galerijama, i u njima otkrili neke prave dragulje, odlazak u Hejri je na neki na\u010din trebao da bude vrhunac kulturne posete J. Koreji. I na neki na\u010din to i jeste i nije bio.<\/p>\t\t\t\t\t\t\t\t<\/div>\n\t\t\t\t<\/div>\n\t\t\t\t<div class=\"elementor-element elementor-element-9fd5856 elementor-widget elementor-widget-mkdf_single_image\" data-id=\"9fd5856\" data-element_type=\"widget\" data-widget_type=\"mkdf_single_image.default\">\n\t\t\t\t<div class=\"elementor-widget-container\">\n\t\t\t\t\t<div class=\"mkdf-single-image-holder   \">\n    <div class=\"mkdf-si-inner\" >\n                                    <img loading=\"lazy\" decoding=\"async\" width=\"1200\" height=\"800\" src=\"https:\/\/marica.org\/wp-content\/uploads\/2024\/04\/heyri-10.jpg\" class=\"attachment-full size-full\" alt=\"\" srcset=\"https:\/\/marica.org\/wp-content\/uploads\/2024\/04\/heyri-10.jpg 1200w, https:\/\/marica.org\/wp-content\/uploads\/2024\/04\/heyri-10-300x200.jpg 300w, https:\/\/marica.org\/wp-content\/uploads\/2024\/04\/heyri-10-1024x683.jpg 1024w, https:\/\/marica.org\/wp-content\/uploads\/2024\/04\/heyri-10-768x512.jpg 768w\" sizes=\"(max-width: 1200px) 100vw, 1200px\" \/>                        <\/div>\n<\/div>\t\t\t\t<\/div>\n\t\t\t\t<\/div>\n\t\t\t\t<div class=\"elementor-element elementor-element-2d5eeea elementor-widget elementor-widget-mkdf_single_image\" data-id=\"2d5eeea\" data-element_type=\"widget\" data-widget_type=\"mkdf_single_image.default\">\n\t\t\t\t<div class=\"elementor-widget-container\">\n\t\t\t\t\t<div class=\"mkdf-single-image-holder   \">\n    <div class=\"mkdf-si-inner\" >\n                                    <img loading=\"lazy\" decoding=\"async\" width=\"1200\" height=\"700\" src=\"https:\/\/marica.org\/wp-content\/uploads\/2024\/04\/heyri-9.jpg\" class=\"attachment-full size-full\" alt=\"\" srcset=\"https:\/\/marica.org\/wp-content\/uploads\/2024\/04\/heyri-9.jpg 1200w, https:\/\/marica.org\/wp-content\/uploads\/2024\/04\/heyri-9-300x175.jpg 300w, https:\/\/marica.org\/wp-content\/uploads\/2024\/04\/heyri-9-1024x597.jpg 1024w, https:\/\/marica.org\/wp-content\/uploads\/2024\/04\/heyri-9-768x448.jpg 768w\" sizes=\"(max-width: 1200px) 100vw, 1200px\" \/>                        <\/div>\n<\/div>\t\t\t\t<\/div>\n\t\t\t\t<\/div>\n\t\t\t\t<div class=\"elementor-element elementor-element-0de56ef elementor-widget elementor-widget-text-editor\" data-id=\"0de56ef\" data-element_type=\"widget\" data-widget_type=\"text-editor.default\">\n\t\t\t\t<div class=\"elementor-widget-container\">\n\t\t\t\t\t\t\t\t\t<p>Ali, krenimo redom. Put do samog sela je interesantan. Kao \u0161to ve\u0107 rekoh, u nekom od ranijih postova, ve\u0107ina natpisa je samo na korejskom. Sva sre\u0107a pa su brojevi arapski. To sve i nije neki problem, pre je li\u010dilo na malu avanturu, s onom blagom jezom u i\u0161\u010dekivanju da li \u0107emo zaista sti\u0107i do odredi\u0161ta. Da smo na pravom putu, shvatili smo kada su krenule stanice oko ve\u0107 pominjanih sela. Naime, one su ispisane i na engleskom. Nama ipak \u0111avo nije dao mira te si\u0111osmo jednu stanicu pre na\u0161eg pravog odredi\u0161ta. Prvo \u0161to mi je zapalo za oko su biciklisti\u010dke staze. Njih ima bukvalno svuda. Kraj svakog puta. U svakom selu ili gradu. Ne znam da li J. Koreja poku\u0161ava da postane raj za bicikliste, ali ove staze su \u010desto \u0161ire, nego pe\u0161a\u010dke. Ono \u0161to me je zbunjivalo je da su te staze prazne. Za dve nedelje koliko smo proveli tamo, broj biciklista koji je pro\u0161ao pored nas bi se mogao nabrojati na prste jedne \u0161ake. Ja se iskreno nadam da \u0107e svi oni pe\u0161aci sa brda, kupiti bajseve i krenuti ovim stazama, te \u0107u tako u onim planinskim putevima mo\u017eda jednog dana i u\u017eivati.<\/p>\t\t\t\t\t\t\t\t<\/div>\n\t\t\t\t<\/div>\n\t\t\t\t<div class=\"elementor-element elementor-element-5eaaddb elementor-widget elementor-widget-mkdf_single_image\" data-id=\"5eaaddb\" data-element_type=\"widget\" data-widget_type=\"mkdf_single_image.default\">\n\t\t\t\t<div class=\"elementor-widget-container\">\n\t\t\t\t\t<div class=\"mkdf-single-image-holder   \">\n    <div class=\"mkdf-si-inner\" >\n                                    <img loading=\"lazy\" decoding=\"async\" width=\"1200\" height=\"800\" src=\"https:\/\/marica.org\/wp-content\/uploads\/2024\/04\/heyri-7.jpg\" class=\"attachment-full size-full\" alt=\"\" srcset=\"https:\/\/marica.org\/wp-content\/uploads\/2024\/04\/heyri-7.jpg 1200w, https:\/\/marica.org\/wp-content\/uploads\/2024\/04\/heyri-7-300x200.jpg 300w, https:\/\/marica.org\/wp-content\/uploads\/2024\/04\/heyri-7-1024x683.jpg 1024w, https:\/\/marica.org\/wp-content\/uploads\/2024\/04\/heyri-7-768x512.jpg 768w\" sizes=\"(max-width: 1200px) 100vw, 1200px\" \/>                        <\/div>\n<\/div>\t\t\t\t<\/div>\n\t\t\t\t<\/div>\n\t\t\t\t<div class=\"elementor-element elementor-element-f95bbfc elementor-widget elementor-widget-text-editor\" data-id=\"f95bbfc\" data-element_type=\"widget\" data-widget_type=\"text-editor.default\">\n\t\t\t\t<div class=\"elementor-widget-container\">\n\t\t\t\t\t\t\t\t\t<p>Samo selo je na prvi pogled delovalo kao arhitektonski raj. Ja ina\u010de volim moderne ku\u0107e, ali ove u Hejriju su me ostavljale bez daha. Posebno mi se dopalo \u0161to je prostor izme\u0111u ku\u0107a ogroman, a predeo brdovit, pa ku\u0107e mo\u017eete sagledati iz razli\u010ditih uglova. Ogroman broj ku\u0107a je pretvoren u galerije i\/ili kafi\u0107e i restorane, pa smo mogli u\u017eivati i u unutra\u0161njosti. Same postavke u tim galerijama, su bile katastrofalno razo\u010darenje, pa sam se ja uglavnom fokusirala na prakti\u010dna pitanja tipa: \u201cKako se peru prozori povr\u0161ine od 20 metara kvadratnih?\u201d, ili \u201cKako li to staklo izgleda u preseku?\u201d ili \u201cKako li uop\u0161te sve to greje\u0161 zimi?\u201d. \u0160to se samih postavki ti\u010de, moje emocije su varirale izme\u0111u ravnodu\u0161nosti i zgro\u017eenosti. Celo selo, i umetnost u njemu prisutna, su dela ljudi koji tamo \u017eive ili su \u017eiveli. Manji deo umetnina je dovu\u010den odnekle, ili pripada nekoj drugoj epohi. U jednom od mnogobrojnih savremenih muzeja u Seulu, umetni\u010dka postavka je bila kombinovana sa citatima umetnika i kriti\u010dara na temu savremene i moderne umetnosti. I jedan od njih je izra\u017eavao sumnju da u dana\u0161njem, globalizovanom svetu postoji razlika izme\u0111u korejske i evropske savremene umetnosti. Aludiraju\u0107i o\u010digledno, da je uticaj peostora nepostoje\u0107i. Ja se s ovim ne bih slo\u017eila u generalu, ali \u010dinilo mi se da je ta tvrdnja apsolutno ta\u010dna za ona dela koja su bila izlo\u017eena u ovim galerijama. Dodu\u0161e mo\u017eda sam samo zla, jer su sli\u010dno razo\u010darenje i ravnodu\u0161nost izazivale i silne galerije i muzeji po Evropi.<\/p>\t\t\t\t\t\t\t\t<\/div>\n\t\t\t\t<\/div>\n\t\t\t\t<div class=\"elementor-element elementor-element-3a807db elementor-widget elementor-widget-mkdf_single_image\" data-id=\"3a807db\" data-element_type=\"widget\" data-widget_type=\"mkdf_single_image.default\">\n\t\t\t\t<div class=\"elementor-widget-container\">\n\t\t\t\t\t<div class=\"mkdf-single-image-holder   \">\n    <div class=\"mkdf-si-inner\" >\n                                    <img loading=\"lazy\" decoding=\"async\" width=\"1200\" height=\"800\" src=\"https:\/\/marica.org\/wp-content\/uploads\/2024\/04\/heyri-16.jpg\" class=\"attachment-full size-full\" alt=\"\" srcset=\"https:\/\/marica.org\/wp-content\/uploads\/2024\/04\/heyri-16.jpg 1200w, https:\/\/marica.org\/wp-content\/uploads\/2024\/04\/heyri-16-300x200.jpg 300w, https:\/\/marica.org\/wp-content\/uploads\/2024\/04\/heyri-16-1024x683.jpg 1024w, https:\/\/marica.org\/wp-content\/uploads\/2024\/04\/heyri-16-768x512.jpg 768w\" sizes=\"(max-width: 1200px) 100vw, 1200px\" \/>                        <\/div>\n<\/div>\t\t\t\t<\/div>\n\t\t\t\t<\/div>\n\t\t\t\t<div class=\"elementor-element elementor-element-ad027e6 elementor-widget elementor-widget-text-editor\" data-id=\"ad027e6\" data-element_type=\"widget\" data-widget_type=\"text-editor.default\">\n\t\t\t\t<div class=\"elementor-widget-container\">\n\t\t\t\t\t\t\t\t\t<p>S druge strane, ogroman broj lokala kombinuje umetni\u010dke postavke i birtiju. Dobro, ne birtiju, kafi\u0107 ili poslasti\u010darnicu. \u0160ta god da su, ono \u0161to je bilo izlo\u017eeno na njihovim zidovima je bilo obilje ki\u010deraja i neukusa. Mada, da nisu imale taj prefiks galerija u svom imenu, i da dela nisu bila na prodaju, sam prostor bi bio vi\u0161e nego simpati\u010dan. Ali, nazivanje toga umetno\u0161\u0107u mi se \u010dinilo vi\u0161e nego pretenciozno. U muzeje nismo ni ulazili, svi do jednog su izgledali kao skladi\u0161ta d\u017eid\u017eabid\u017ea. I svi su bili vrlo tematski, poput muzeja limenih igra\u010daka, ili muzeja filma, muzeja video igrica, muzej \u010dokolade, muzej muzi\u010dkih instrumenata i sli\u010dnih sranja za koje je po glavi trebalo izdvojiti 20tak evra. Priznajem da bih vrlo rado pogledala ne\u010diju privatnu kolekciju limenih igra\u010daka, ali mi se pla\u0107anje iste \u010dinilo besmislenim.<\/p>\t\t\t\t\t\t\t\t<\/div>\n\t\t\t\t<\/div>\n\t\t\t\t<div class=\"elementor-element elementor-element-f1a1dd7 elementor-widget elementor-widget-mkdf_single_image\" data-id=\"f1a1dd7\" data-element_type=\"widget\" data-widget_type=\"mkdf_single_image.default\">\n\t\t\t\t<div class=\"elementor-widget-container\">\n\t\t\t\t\t<div class=\"mkdf-single-image-holder   \">\n    <div class=\"mkdf-si-inner\" >\n                                    <img loading=\"lazy\" decoding=\"async\" width=\"1200\" height=\"800\" src=\"https:\/\/marica.org\/wp-content\/uploads\/2024\/04\/heyri-26.jpg\" class=\"attachment-full size-full\" alt=\"\" srcset=\"https:\/\/marica.org\/wp-content\/uploads\/2024\/04\/heyri-26.jpg 1200w, https:\/\/marica.org\/wp-content\/uploads\/2024\/04\/heyri-26-300x200.jpg 300w, https:\/\/marica.org\/wp-content\/uploads\/2024\/04\/heyri-26-1024x683.jpg 1024w, https:\/\/marica.org\/wp-content\/uploads\/2024\/04\/heyri-26-768x512.jpg 768w\" sizes=\"(max-width: 1200px) 100vw, 1200px\" \/>                        <\/div>\n<\/div>\t\t\t\t<\/div>\n\t\t\t\t<\/div>\n\t\t\t\t<div class=\"elementor-element elementor-element-c8c263e elementor-widget elementor-widget-mkdf_single_image\" data-id=\"c8c263e\" data-element_type=\"widget\" data-widget_type=\"mkdf_single_image.default\">\n\t\t\t\t<div class=\"elementor-widget-container\">\n\t\t\t\t\t<div class=\"mkdf-single-image-holder   \">\n    <div class=\"mkdf-si-inner\" >\n                                    <img loading=\"lazy\" decoding=\"async\" width=\"1200\" height=\"800\" src=\"https:\/\/marica.org\/wp-content\/uploads\/2024\/04\/heyri-28.jpg\" class=\"attachment-full size-full\" alt=\"\" srcset=\"https:\/\/marica.org\/wp-content\/uploads\/2024\/04\/heyri-28.jpg 1200w, https:\/\/marica.org\/wp-content\/uploads\/2024\/04\/heyri-28-300x200.jpg 300w, https:\/\/marica.org\/wp-content\/uploads\/2024\/04\/heyri-28-1024x683.jpg 1024w, https:\/\/marica.org\/wp-content\/uploads\/2024\/04\/heyri-28-768x512.jpg 768w\" sizes=\"(max-width: 1200px) 100vw, 1200px\" \/>                        <\/div>\n<\/div>\t\t\t\t<\/div>\n\t\t\t\t<\/div>\n\t\t\t\t<div class=\"elementor-element elementor-element-8652426 elementor-widget elementor-widget-text-editor\" data-id=\"8652426\" data-element_type=\"widget\" data-widget_type=\"text-editor.default\">\n\t\t\t\t<div class=\"elementor-widget-container\">\n\t\t\t\t\t\t\t\t\t<p>Mislim da ovde naslu\u0107ujete moj problem sa Hejri umetni\u010dkim selom. Re\u010d umetnost, se jednostavno \u010dinila neopravdanom. Ako odete samo u jedan muzej u Seulu, u njemu \u0107ete na\u0107i vi\u0161e umetnosti nego u celom ovom selu. I tako ja zavr\u0161ih, \u0161etaju\u0107i ovim selom, oborena s nogu lepotom svake pojedina\u010dne zgrade i istovremeno zgro\u017eena onim \u0161to se u njima nalazi. Pred kraj obilaska, ve\u0107 totalno razo\u010darana \u201cumetno\u0161\u0107u\u201d, primetih simpati\u010dan kafi\u0107. Tek kad smo u\u0161li shvatili smo da kafi\u0107 pripada muzeju. Prvo nam je bio simpati\u010dan sam kafi\u0107, a onda i stvari koje su prodavali u muzejskoj prodavnici koja je u sklopu tog kafi\u0107a. Nisam bila sigurna, da li imam snage za obilazak samog muzeja. Bojala sam se da bi razo\u010darenje istim, bio lo\u0161 zavr\u0161etak na\u0161e ture. Ali, kako je to zapravo bio prvi muzej koji nije bio posve\u0107en ne\u010dijem lo\u0161em kolekcionarskom ukusu, odlu\u010dili smo da pro\u0161etamo njime. Kakav bi biser propustili da u njega nismo svratili.<\/p>\t\t\t\t\t\t\t\t<\/div>\n\t\t\t\t<\/div>\n\t\t\t\t<div class=\"elementor-element elementor-element-3694c2e elementor-widget elementor-widget-mkdf_single_image\" data-id=\"3694c2e\" data-element_type=\"widget\" data-widget_type=\"mkdf_single_image.default\">\n\t\t\t\t<div class=\"elementor-widget-container\">\n\t\t\t\t\t<div class=\"mkdf-single-image-holder   \">\n    <div class=\"mkdf-si-inner\" >\n                                    <img loading=\"lazy\" decoding=\"async\" width=\"1200\" height=\"638\" src=\"https:\/\/marica.org\/wp-content\/uploads\/2024\/04\/heyri-22.jpg\" class=\"attachment-full size-full\" alt=\"\" srcset=\"https:\/\/marica.org\/wp-content\/uploads\/2024\/04\/heyri-22.jpg 1200w, https:\/\/marica.org\/wp-content\/uploads\/2024\/04\/heyri-22-300x160.jpg 300w, https:\/\/marica.org\/wp-content\/uploads\/2024\/04\/heyri-22-1024x544.jpg 1024w, https:\/\/marica.org\/wp-content\/uploads\/2024\/04\/heyri-22-768x408.jpg 768w\" sizes=\"(max-width: 1200px) 100vw, 1200px\" \/>                        <\/div>\n<\/div>\t\t\t\t<\/div>\n\t\t\t\t<\/div>\n\t\t\t\t<div class=\"elementor-element elementor-element-f5388de elementor-widget elementor-widget-text-editor\" data-id=\"f5388de\" data-element_type=\"widget\" data-widget_type=\"text-editor.default\">\n\t\t\t\t<div class=\"elementor-widget-container\">\n\t\t\t\t\t\t\t\t\t<p>Muzej savremene umetnosti u Hejri selu nema stalnih postavki. Kad smo mi posetili ovaj muzej, u njemu su bila dela koja su rezultat vrlo zanimljivog pokreta u J. Koreji. Naime, u korejskim \u0161kolama za slepu i slabovidu decu, likovna kultura kao predmet ne postoji. Zapravo nije postojao pre nego \u0161to je kao eksperiment uvedeno u jednu od \u0161kola u Seulu. Li\u010dno, ja ne poznajem nijednu slepu ili slabovidu osobu. I nikad nisam razmi\u0161ljala kako zaista ovakve osobe do\u017eivljavaju svet oko sebe. Ova postavka mi je dala uvid u taj svet. I mogu vam re\u0107i da je magi\u010dan. Izlo\u017eena dela su nastala kao razultat de\u010dije posete skloni\u0161tu za slonove u Tajlandu i poseti kineskoj \u010detvrti u Seulu. Slon vi\u0161e nikada ne\u0107e izgledati isto u mojim o\u010dima. A i ose\u0107am se uskra\u0107enom za ve\u0161tinu da mirise predstavim crte\u017eom. Samo to su\u010deljavanje sa \u010dinjenicom da ceo jedan svet za mene ne postoji, zato \u0161to su moje ve\u0161tine i sposobnosti u rangu sa ve\u0107inom ljudi, i zato \u0161to su ta druga\u010dija deca odrastala izolovano u odnosu na mene, je bilo neverovatno psiholo\u0161ko iskustvo. Ova postavka je ostavila izuzetno sna\u017ean utisak na mene. Ose\u0107ala sam se zaista ograni\u010deno. Zbog svega toga \u0161to vidimo o\u010dima, \u010dujemo u\u0161ima ili osetimo nosem, kao da gubimo sposobnost da improvizujemo, kao da smo izgubili celu dimenziju time \u0161to su nam \u010dula tako usko specijalizovana. Ovog slona ispod, izvajalo je jedanestogodi\u0161nje slepo ili slabovido (nije precizirano u opisu) dete. Ako ste sebe smatrali kreativnim i talentovanim do sad, razmislite jo\u0161 jednom.<\/p>\t\t\t\t\t\t\t\t<\/div>\n\t\t\t\t<\/div>\n\t\t\t\t<div class=\"elementor-element elementor-element-bb56ead elementor-widget elementor-widget-mkdf_single_image\" data-id=\"bb56ead\" data-element_type=\"widget\" data-widget_type=\"mkdf_single_image.default\">\n\t\t\t\t<div class=\"elementor-widget-container\">\n\t\t\t\t\t<div class=\"mkdf-single-image-holder   \">\n    <div class=\"mkdf-si-inner\" >\n                                    <img loading=\"lazy\" decoding=\"async\" width=\"1200\" height=\"800\" src=\"https:\/\/marica.org\/wp-content\/uploads\/2024\/04\/heyri-23.jpg\" class=\"attachment-full size-full\" alt=\"\" srcset=\"https:\/\/marica.org\/wp-content\/uploads\/2024\/04\/heyri-23.jpg 1200w, https:\/\/marica.org\/wp-content\/uploads\/2024\/04\/heyri-23-300x200.jpg 300w, https:\/\/marica.org\/wp-content\/uploads\/2024\/04\/heyri-23-1024x683.jpg 1024w, https:\/\/marica.org\/wp-content\/uploads\/2024\/04\/heyri-23-768x512.jpg 768w\" sizes=\"(max-width: 1200px) 100vw, 1200px\" \/>                        <\/div>\n<\/div>\t\t\t\t<\/div>\n\t\t\t\t<\/div>\n\t\t\t\t<div class=\"elementor-element elementor-element-470f485 elementor-widget elementor-widget-text-editor\" data-id=\"470f485\" data-element_type=\"widget\" data-widget_type=\"text-editor.default\">\n\t\t\t\t<div class=\"elementor-widget-container\">\n\t\t\t\t\t\t\t\t\t<div>Te tako kao po ko zna koji put u toku putovanja po J. Koreji ostadoh zabezeknuta. Odu\u0161evljena i ponesena pomenutom postavkom i arhitekturom, a istovremeno totalno zaprepa\u0161\u0107ena da ono \u0161to sam o\u010dekivala nisam dobila. Tj. koliko je to selo bilo druga\u010dije od slike koju sam na osnovu opisa na zvani\u010dnom sajtu i nekih putopisa zamislila. I na kraju, oti\u0161la bih definitivno opet, samo ovog puta da u\u017eivam u d\u017eid\u017eabid\u017eama, i lepo ure\u0111enim kafi\u0107ima, bez iluzija da Hejri selo i umetnost imaju i\u0161ta zajedni\u010dko. A u isto vreme, ironije radi, se\u0107a\u0107u ga se po najinspirativnijoj umetni\u010dkoj postavci.<\/div>\t\t\t\t\t\t\t\t<\/div>\n\t\t\t\t<\/div>\n\t\t\t\t<div class=\"elementor-element elementor-element-46aa425 elementor-widget elementor-widget-text-editor\" data-id=\"46aa425\" data-element_type=\"widget\" data-widget_type=\"text-editor.default\">\n\t\t\t\t<div class=\"elementor-widget-container\">\n\t\t\t\t\t\t\t\t\t<p>Vi\u0161e slika mo\u017eete na\u0107i u mojoj galeriji:<\/p>\t\t\t\t\t\t\t\t<\/div>\n\t\t\t\t<\/div>\n\t\t\t\t<div class=\"elementor-element elementor-element-b7c119b elementor-widget elementor-widget-mkdf_blog_list\" data-id=\"b7c119b\" data-element_type=\"widget\" data-widget_type=\"mkdf_blog_list.default\">\n\t\t\t\t<div class=\"elementor-widget-container\">\n\t\t\t\t\t<div class=\"mkdf-blog-list-holder mkdf-grid-list mkdf-disable-bottom-space mkdf-bl-custom mkdf-five-columns mkdf-micro-space mkdf-bl-pag-no-pagination  \"  data-type=custom data-number-of-posts=-1 data-number-of-columns=five data-space-between-items=micro data-category=SouthKoreaPhotos data-orderby=title data-order=ASC data-image-size=full data-title-tag=h5 data-excerpt-length=40 data-post-info-image=yes data-post-info-author=no data-post-info-date=no data-post-info-category=no data-post-info-comments=no data-post-info-like=no data-post-info-share=no data-pagination-type=no-pagination data-post-info-destination=no data-content-align=center-alignment data-post-info-read-more=no data-max-num-pages=0 data-next-page=2>\n\t<div class=\"mkdf-bl-wrapper mkdf-outer-space\">\n\t\t<ul class=\"mkdf-blog-list\">\n\t\t\t\n<li class=\"mkdf-bl-item mkdf-item-space \">\n\t<div class=\"mkdf-bli-inner\">\n\t\t\n\t<div class=\"mkdf-post-image\">\n\t\t\t\t\t<a itemprop=\"url\" href=\"https:\/\/marica.org\/?p=9545\" title=\"Busan\">\n\t\t\t\t\t<img loading=\"lazy\" decoding=\"async\" width=\"1200\" height=\"800\" src=\"https:\/\/marica.org\/wp-content\/uploads\/2024\/04\/busan-61.jpg\" class=\"attachment-full size-full\" alt=\"\" srcset=\"https:\/\/marica.org\/wp-content\/uploads\/2024\/04\/busan-61.jpg 1200w, https:\/\/marica.org\/wp-content\/uploads\/2024\/04\/busan-61-300x200.jpg 300w, https:\/\/marica.org\/wp-content\/uploads\/2024\/04\/busan-61-1024x683.jpg 1024w, https:\/\/marica.org\/wp-content\/uploads\/2024\/04\/busan-61-768x512.jpg 768w\" sizes=\"(max-width: 1200px) 100vw, 1200px\" \/>\t\t\t\t\t<\/a>\n\t\t\t\t\t<\/div>\n\n\t\t<div class=\"mkdf-bli-content\" >\n            \n<h5 itemprop=\"name\" class=\"entry-title mkdf-post-title\" >\n            <a itemprop=\"url\" href=\"https:\/\/marica.org\/?p=9545\" title=\"Busan\">\n            Busan            <\/a>\n    <\/h5>            <div class=\"mkdf-bli-excerpt\">\n\t\t\t\t\t\t\t\t            <\/div>\n            \t\t<\/div>\n\t<\/div>\n<\/li>\n<li class=\"mkdf-bl-item mkdf-item-space \">\n\t<div class=\"mkdf-bli-inner\">\n\t\t\n\t<div class=\"mkdf-post-image\">\n\t\t\t\t\t<a itemprop=\"url\" href=\"https:\/\/marica.org\/?p=9205\" title=\"Heyri\">\n\t\t\t\t\t<img decoding=\"async\" width=\"1200\" height=\"800\" src=\"https:\/\/marica.org\/wp-content\/uploads\/2024\/04\/heyri-21.jpg\" class=\"attachment-full size-full\" alt=\"\" srcset=\"https:\/\/marica.org\/wp-content\/uploads\/2024\/04\/heyri-21.jpg 1200w, https:\/\/marica.org\/wp-content\/uploads\/2024\/04\/heyri-21-300x200.jpg 300w, https:\/\/marica.org\/wp-content\/uploads\/2024\/04\/heyri-21-1024x683.jpg 1024w, https:\/\/marica.org\/wp-content\/uploads\/2024\/04\/heyri-21-768x512.jpg 768w\" sizes=\"(max-width: 1200px) 100vw, 1200px\" \/>\t\t\t\t\t<\/a>\n\t\t\t\t\t<\/div>\n\n\t\t<div class=\"mkdf-bli-content\" >\n            \n<h5 itemprop=\"name\" class=\"entry-title mkdf-post-title\" >\n            <a itemprop=\"url\" href=\"https:\/\/marica.org\/?p=9205\" title=\"Heyri\">\n            Heyri            <\/a>\n    <\/h5>            <div class=\"mkdf-bli-excerpt\">\n\t\t\t\t\t\t\t\t            <\/div>\n            \t\t<\/div>\n\t<\/div>\n<\/li>\n<li class=\"mkdf-bl-item mkdf-item-space \">\n\t<div class=\"mkdf-bli-inner\">\n\t\t\n\t<div class=\"mkdf-post-image\">\n\t\t\t\t\t<a itemprop=\"url\" href=\"https:\/\/marica.org\/?p=9259\" title=\"Seoraksan\">\n\t\t\t\t\t<img loading=\"lazy\" decoding=\"async\" width=\"1200\" height=\"800\" src=\"https:\/\/marica.org\/wp-content\/uploads\/2024\/04\/seoraksan-24.jpg\" class=\"attachment-full size-full\" alt=\"\" srcset=\"https:\/\/marica.org\/wp-content\/uploads\/2024\/04\/seoraksan-24.jpg 1200w, https:\/\/marica.org\/wp-content\/uploads\/2024\/04\/seoraksan-24-300x200.jpg 300w, https:\/\/marica.org\/wp-content\/uploads\/2024\/04\/seoraksan-24-1024x683.jpg 1024w, https:\/\/marica.org\/wp-content\/uploads\/2024\/04\/seoraksan-24-768x512.jpg 768w\" sizes=\"(max-width: 1200px) 100vw, 1200px\" \/>\t\t\t\t\t<\/a>\n\t\t\t\t\t<\/div>\n\n\t\t<div class=\"mkdf-bli-content\" >\n            \n<h5 itemprop=\"name\" class=\"entry-title mkdf-post-title\" >\n            <a itemprop=\"url\" href=\"https:\/\/marica.org\/?p=9259\" title=\"Seoraksan\">\n            Seoraksan            <\/a>\n    <\/h5>            <div class=\"mkdf-bli-excerpt\">\n\t\t\t\t\t\t\t\t            <\/div>\n            \t\t<\/div>\n\t<\/div>\n<\/li>\n<li class=\"mkdf-bl-item mkdf-item-space \">\n\t<div class=\"mkdf-bli-inner\">\n\t\t\n\t<div class=\"mkdf-post-image\">\n\t\t\t\t\t<a itemprop=\"url\" href=\"https:\/\/marica.org\/?p=9308\" title=\"Seoul\">\n\t\t\t\t\t<img loading=\"lazy\" decoding=\"async\" width=\"1200\" height=\"800\" src=\"https:\/\/marica.org\/wp-content\/uploads\/2024\/04\/seoul-164.jpg\" class=\"attachment-full size-full\" alt=\"\" srcset=\"https:\/\/marica.org\/wp-content\/uploads\/2024\/04\/seoul-164.jpg 1200w, https:\/\/marica.org\/wp-content\/uploads\/2024\/04\/seoul-164-300x200.jpg 300w, https:\/\/marica.org\/wp-content\/uploads\/2024\/04\/seoul-164-1024x683.jpg 1024w, https:\/\/marica.org\/wp-content\/uploads\/2024\/04\/seoul-164-768x512.jpg 768w\" sizes=\"(max-width: 1200px) 100vw, 1200px\" \/>\t\t\t\t\t<\/a>\n\t\t\t\t\t<\/div>\n\n\t\t<div class=\"mkdf-bli-content\" >\n            \n<h5 itemprop=\"name\" class=\"entry-title mkdf-post-title\" >\n            <a itemprop=\"url\" href=\"https:\/\/marica.org\/?p=9308\" title=\"Seoul\">\n            Seoul            <\/a>\n    <\/h5>            <div class=\"mkdf-bli-excerpt\">\n\t\t\t\t\t\t\t\t            <\/div>\n            \t\t<\/div>\n\t<\/div>\n<\/li>\t\t<\/ul>\n\t<\/div>\n\t<\/div>\t\t\t\t<\/div>\n\t\t\t\t<\/div>\n\t\t\t\t\t<\/div>\n\t\t\t\t<\/div>\n\t\t\t\t<\/div>\n\t\t","protected":false},"excerpt":{"rendered":"<p>Od sletanja u Seul, do poletanja iz istog dve nedelje kasnije, Ju\u017ena Koreja nije prestajala da me iznena\u0111uje i zbunjuje. Izostao je veliki kulturolo\u0161ki \u0161ok, jer na neki na\u010din podse\u0107a na ve\u0107 vi\u0111ene predele po Aziji. No, sve je izgledalo [&hellip;]<\/p>\n","protected":false},"author":1,"featured_media":0,"comment_status":"open","ping_status":"closed","sticky":false,"template":"","format":"standard","meta":{"footnotes":""},"categories":[28,538,502],"tags":[45,123,166,211,302,371,462,463,491],"class_list":["post-1601","post","type-post","status-publish","format-standard","hentry","category-south-korea","category-south-korea-stories","category-stories","tag-art","tag-egzoticna-putovanja","tag-hejri","tag-juzna-koreja","tag-muzeji","tag-putovanja","tag-umetnicko-selo","tag-umetnost","tag-znamenitosti"],"_links":{"self":[{"href":"https:\/\/marica.org\/index.php?rest_route=\/wp\/v2\/posts\/1601","targetHints":{"allow":["GET"]}}],"collection":[{"href":"https:\/\/marica.org\/index.php?rest_route=\/wp\/v2\/posts"}],"about":[{"href":"https:\/\/marica.org\/index.php?rest_route=\/wp\/v2\/types\/post"}],"author":[{"embeddable":true,"href":"https:\/\/marica.org\/index.php?rest_route=\/wp\/v2\/users\/1"}],"replies":[{"embeddable":true,"href":"https:\/\/marica.org\/index.php?rest_route=%2Fwp%2Fv2%2Fcomments&post=1601"}],"version-history":[{"count":4,"href":"https:\/\/marica.org\/index.php?rest_route=\/wp\/v2\/posts\/1601\/revisions"}],"predecessor-version":[{"id":9244,"href":"https:\/\/marica.org\/index.php?rest_route=\/wp\/v2\/posts\/1601\/revisions\/9244"}],"wp:attachment":[{"href":"https:\/\/marica.org\/index.php?rest_route=%2Fwp%2Fv2%2Fmedia&parent=1601"}],"wp:term":[{"taxonomy":"category","embeddable":true,"href":"https:\/\/marica.org\/index.php?rest_route=%2Fwp%2Fv2%2Fcategories&post=1601"},{"taxonomy":"post_tag","embeddable":true,"href":"https:\/\/marica.org\/index.php?rest_route=%2Fwp%2Fv2%2Ftags&post=1601"}],"curies":[{"name":"wp","href":"https:\/\/api.w.org\/{rel}","templated":true}]}}