{"id":20296,"date":"2025-10-17T17:13:14","date_gmt":"2025-10-17T17:13:14","guid":{"rendered":"https:\/\/marica.org\/?p=20296"},"modified":"2025-10-17T17:13:14","modified_gmt":"2025-10-17T17:13:14","slug":"svi-sveti","status":"publish","type":"post","link":"https:\/\/marica.org\/?p=20296","title":{"rendered":"Svi sveti"},"content":{"rendered":"\t\t<div data-elementor-type=\"wp-post\" data-elementor-id=\"20296\" class=\"elementor elementor-20296\">\n\t\t\t\t<div class=\"elementor-element elementor-element-ab0a6d9 e-flex e-con-boxed e-con e-parent\" data-id=\"ab0a6d9\" data-element_type=\"container\">\n\t\t\t\t\t<div class=\"e-con-inner\">\n\t\t\t\t<div class=\"elementor-element elementor-element-a24e49e elementor-widget elementor-widget-text-editor\" data-id=\"a24e49e\" data-element_type=\"widget\" data-widget_type=\"text-editor.default\">\n\t\t\t\t<div class=\"elementor-widget-container\">\n\t\t\t\t\t\t\t\t\t<p>\u010citam skoro vesti o tome kako su prekrili mural Maradone u \u0161panskoj \u010detvrti u Napulju. Pro\u010ditala sam prvo prekre\u010dili. Pomislih: Kona\u010dno! Taj osrednje ru\u017enjikav mural je ionako dobijao previ\u0161e pa\u017enje. Ako ste se ikada zatekli u Napulju i odlu\u010dili da obi\u0111ete must see mesta, onda ovaj mural sigurno niste zaobi\u0161li. Mi smo na njega nabasali dok smo \u0161etkali po kraju. Meni je tada pa\u017enju privukla ta mini pijaca pretrpana kojekakvim d\u017eid\u017eabid\u017eama sa likom jednog od najpoznatijih Argentinaca. Suveniri sa Maradonom u svim oblicima, veli\u010dinama i nivoima ki\u010da. Gu\u017eva kao da se napoli pica deli za d\u017eabe. More ljudi koji se vrzmaju izme\u0111u tezgi i slikaju Maradonin mural. A u gradu murala, o\u010dekivali bi od murala napuljskog svetca daleko vi\u0161e.<\/p>\t\t\t\t\t\t\t\t<\/div>\n\t\t\t\t<\/div>\n\t\t\t\t<div class=\"elementor-element elementor-element-b864ad7 elementor-widget elementor-widget-mkdf_single_image\" data-id=\"b864ad7\" data-element_type=\"widget\" data-widget_type=\"mkdf_single_image.default\">\n\t\t\t\t<div class=\"elementor-widget-container\">\n\t\t\t\t\t<div class=\"mkdf-single-image-holder   \">\n    <div class=\"mkdf-si-inner\" >\n                                    <img fetchpriority=\"high\" decoding=\"async\" width=\"1200\" height=\"800\" src=\"https:\/\/marica.org\/wp-content\/uploads\/2025\/10\/napoli-25.jpeg\" class=\"attachment-full size-full\" alt=\"\" srcset=\"https:\/\/marica.org\/wp-content\/uploads\/2025\/10\/napoli-25.jpeg 1200w, https:\/\/marica.org\/wp-content\/uploads\/2025\/10\/napoli-25-300x200.jpeg 300w, https:\/\/marica.org\/wp-content\/uploads\/2025\/10\/napoli-25-1024x683.jpeg 1024w, https:\/\/marica.org\/wp-content\/uploads\/2025\/10\/napoli-25-768x512.jpeg 768w\" sizes=\"(max-width: 1200px) 100vw, 1200px\" \/>                        <\/div>\n<\/div>\t\t\t\t<\/div>\n\t\t\t\t<\/div>\n\t\t\t\t\t<\/div>\n\t\t\t\t<\/div>\n\t\t<div class=\"elementor-element elementor-element-2c2a62e e-flex e-con-boxed e-con e-parent\" data-id=\"2c2a62e\" data-element_type=\"container\">\n\t\t\t\t\t<div class=\"e-con-inner\">\n\t\t\t\t<div class=\"elementor-element elementor-element-efa5f62 elementor-widget elementor-widget-text-editor\" data-id=\"efa5f62\" data-element_type=\"widget\" data-widget_type=\"text-editor.default\">\n\t\t\t\t<div class=\"elementor-widget-container\">\n\t\t\t\t\t\t\t\t\t<p>Talijani su veliki katolici. A i ne bili kad im je Vatikan u sred zemlje. Kao bubuljica puna gnoja. \u0160iri svoja sranja na sve strane po Italiji. Kako to obi\u010dno biva, vera u Boga eksponencijalno raste sa porastom siroma\u0161tva. A Napulj je prili\u010dno siroma\u0161an grad, sme\u0161ten u skoro najsiroma\u0161niju regiju Italije. Njihova ljubav, i potreba, za svetcima je pregolema. Napuljci \u017eive u ve\u010ditoj dilemi; odlazak na stadion ili u crkvu, pasta ili pica, espreso ili kapu\u0107ino? Nemo\u0107ni da se izbore sa ve\u010dnim pitanjima, okre\u0107u se Bogu. Od njega tra\u017ee odgovor. Nije ni \u010dudo, \u0161to oltari po crkvama nisu dovoljni. U stalnoj potrebi da op\u0161te sa svevi\u0161njim i njegovim zemaljskim pomo\u0107nicima, Napuljci oltare grade gde stignu. Jer, gde god na\u0111e zgodno mesto, Napuljac se pomoli.<\/p>\t\t\t\t\t\t\t\t<\/div>\n\t\t\t\t<\/div>\n\t\t\t\t<div class=\"elementor-element elementor-element-6e0cbe5 elementor-widget elementor-widget-mkdf_single_image\" data-id=\"6e0cbe5\" data-element_type=\"widget\" data-widget_type=\"mkdf_single_image.default\">\n\t\t\t\t<div class=\"elementor-widget-container\">\n\t\t\t\t\t<div class=\"mkdf-single-image-holder   \">\n    <div class=\"mkdf-si-inner\" >\n                                    <img decoding=\"async\" width=\"1200\" height=\"800\" src=\"https:\/\/marica.org\/wp-content\/uploads\/2025\/10\/napoli-16.jpeg\" class=\"attachment-full size-full\" alt=\"\" srcset=\"https:\/\/marica.org\/wp-content\/uploads\/2025\/10\/napoli-16.jpeg 1200w, https:\/\/marica.org\/wp-content\/uploads\/2025\/10\/napoli-16-300x200.jpeg 300w, https:\/\/marica.org\/wp-content\/uploads\/2025\/10\/napoli-16-1024x683.jpeg 1024w, https:\/\/marica.org\/wp-content\/uploads\/2025\/10\/napoli-16-768x512.jpeg 768w\" sizes=\"(max-width: 1200px) 100vw, 1200px\" \/>                        <\/div>\n<\/div>\t\t\t\t<\/div>\n\t\t\t\t<\/div>\n\t\t\t\t<div class=\"elementor-element elementor-element-46cbeb6 elementor-widget elementor-widget-mkdf_image_gallery\" data-id=\"46cbeb6\" data-element_type=\"widget\" data-widget_type=\"mkdf_image_gallery.default\">\n\t\t\t\t<div class=\"elementor-widget-container\">\n\t\t\t\t\t<div class=\"mkdf-image-gallery mkdf-grid-list mkdf-disable-bottom-space  mkdf-ig-grid-type mkdf-two-columns mkdf-tiny-space  \">\n\t<div class=\"mkdf-ig-inner mkdf-outer-space\">\n\t\t\t\t\t<div class=\"mkdf-ig-image mkdf-item-space\">\n\t\t\t\t<div class=\"mkdf-ig-image-inner\">\n\t\t\t\t\t\t\t\t\t\t\t<img decoding=\"async\" width=\"800\" height=\"1200\" src=\"https:\/\/marica.org\/wp-content\/uploads\/2025\/10\/napoli-44.jpeg\" class=\"attachment-full size-full\" alt=\"\" srcset=\"https:\/\/marica.org\/wp-content\/uploads\/2025\/10\/napoli-44.jpeg 800w, https:\/\/marica.org\/wp-content\/uploads\/2025\/10\/napoli-44-200x300.jpeg 200w, https:\/\/marica.org\/wp-content\/uploads\/2025\/10\/napoli-44-683x1024.jpeg 683w, https:\/\/marica.org\/wp-content\/uploads\/2025\/10\/napoli-44-768x1152.jpeg 768w\" sizes=\"(max-width: 800px) 100vw, 800px\" \/>\t\t\t\t\t\t\t\t\t<\/div>\n\t\t\t<\/div>\n\t\t\t\t\t<div class=\"mkdf-ig-image mkdf-item-space\">\n\t\t\t\t<div class=\"mkdf-ig-image-inner\">\n\t\t\t\t\t\t\t\t\t\t\t<img loading=\"lazy\" decoding=\"async\" width=\"800\" height=\"1200\" src=\"https:\/\/marica.org\/wp-content\/uploads\/2025\/10\/napoli-54.jpeg\" class=\"attachment-full size-full\" alt=\"\" srcset=\"https:\/\/marica.org\/wp-content\/uploads\/2025\/10\/napoli-54.jpeg 800w, https:\/\/marica.org\/wp-content\/uploads\/2025\/10\/napoli-54-200x300.jpeg 200w, https:\/\/marica.org\/wp-content\/uploads\/2025\/10\/napoli-54-683x1024.jpeg 683w, https:\/\/marica.org\/wp-content\/uploads\/2025\/10\/napoli-54-768x1152.jpeg 768w\" sizes=\"(max-width: 800px) 100vw, 800px\" \/>\t\t\t\t\t\t\t\t\t<\/div>\n\t\t\t<\/div>\n\t\t\t<\/div>\n<\/div>\t\t\t\t<\/div>\n\t\t\t\t<\/div>\n\t\t\t\t<div class=\"elementor-element elementor-element-de9ec89 elementor-widget elementor-widget-mkdf_image_gallery\" data-id=\"de9ec89\" data-element_type=\"widget\" data-widget_type=\"mkdf_image_gallery.default\">\n\t\t\t\t<div class=\"elementor-widget-container\">\n\t\t\t\t\t<div class=\"mkdf-image-gallery mkdf-grid-list mkdf-disable-bottom-space  mkdf-ig-grid-type mkdf-two-columns mkdf-tiny-space  \">\n\t<div class=\"mkdf-ig-inner mkdf-outer-space\">\n\t\t\t\t\t<div class=\"mkdf-ig-image mkdf-item-space\">\n\t\t\t\t<div class=\"mkdf-ig-image-inner\">\n\t\t\t\t\t\t\t\t\t\t\t<img loading=\"lazy\" decoding=\"async\" width=\"800\" height=\"1200\" src=\"https:\/\/marica.org\/wp-content\/uploads\/2025\/10\/napoli-90.jpeg\" class=\"attachment-full size-full\" alt=\"\" srcset=\"https:\/\/marica.org\/wp-content\/uploads\/2025\/10\/napoli-90.jpeg 800w, https:\/\/marica.org\/wp-content\/uploads\/2025\/10\/napoli-90-200x300.jpeg 200w, https:\/\/marica.org\/wp-content\/uploads\/2025\/10\/napoli-90-683x1024.jpeg 683w, https:\/\/marica.org\/wp-content\/uploads\/2025\/10\/napoli-90-768x1152.jpeg 768w\" sizes=\"(max-width: 800px) 100vw, 800px\" \/>\t\t\t\t\t\t\t\t\t<\/div>\n\t\t\t<\/div>\n\t\t\t\t\t<div class=\"mkdf-ig-image mkdf-item-space\">\n\t\t\t\t<div class=\"mkdf-ig-image-inner\">\n\t\t\t\t\t\t\t\t\t\t\t<img loading=\"lazy\" decoding=\"async\" width=\"800\" height=\"1200\" src=\"https:\/\/marica.org\/wp-content\/uploads\/2025\/10\/napoli-133.jpeg\" class=\"attachment-full size-full\" alt=\"\" srcset=\"https:\/\/marica.org\/wp-content\/uploads\/2025\/10\/napoli-133.jpeg 800w, https:\/\/marica.org\/wp-content\/uploads\/2025\/10\/napoli-133-200x300.jpeg 200w, https:\/\/marica.org\/wp-content\/uploads\/2025\/10\/napoli-133-683x1024.jpeg 683w, https:\/\/marica.org\/wp-content\/uploads\/2025\/10\/napoli-133-768x1152.jpeg 768w\" sizes=\"(max-width: 800px) 100vw, 800px\" \/>\t\t\t\t\t\t\t\t\t<\/div>\n\t\t\t<\/div>\n\t\t\t<\/div>\n<\/div>\t\t\t\t<\/div>\n\t\t\t\t<\/div>\n\t\t\t\t\t<\/div>\n\t\t\t\t<\/div>\n\t\t<div class=\"elementor-element elementor-element-dd9f1d1 e-flex e-con-boxed e-con e-parent\" data-id=\"dd9f1d1\" data-element_type=\"container\">\n\t\t\t\t\t<div class=\"e-con-inner\">\n\t\t\t\t<div class=\"elementor-element elementor-element-f3e9db5 elementor-widget elementor-widget-text-editor\" data-id=\"f3e9db5\" data-element_type=\"widget\" data-widget_type=\"text-editor.default\">\n\t\t\t\t<div class=\"elementor-widget-container\">\n\t\t\t\t\t\t\t\t\t<p>Kad se ne mole, Napuljci gledaju fudbal. Strastveno navijaju za svoj lokalni tim. Svoje li\u010dne neuspehe, rado menjaju za uspehe tima. To je na\u0161 klub! To je na\u0161a pobeda! To je moja pobeda! Tako se te\u0161i, ho\u0107u re\u0107i raduje, na\u0161 prose\u010dni Napuljac uzme\u0111u dva zalogaja pice. A svi znamo da je ta napuljska, najbolja verzija talijanske pice. Isto se nije moglo tvrditi za Napuljski fudbalski tim. Taj je bio daleko od najboljeg u talijanskoj ligi. A onda je do\u0161ao Maradona! Do\u0161ao je Maradona i poosvajao sve i sva\u0161ta! Osvojio je Italiju. Osvojio je Evropu. Osvojio je napuljska srca. Napuljci su kona\u010dno imali \u010demu da se raduju. Zavole\u0161e Maradonu vi\u0161e od Boga. Proglasi\u0161e ga za svetca. Dok \u010dekaju da Vatikan uvidi njegovu svetost, Napuljci mu crtaju murale i grafite svuda po gradu,<\/p>\t\t\t\t\t\t\t\t<\/div>\n\t\t\t\t<\/div>\n\t\t\t\t<div class=\"elementor-element elementor-element-1492edf elementor-widget elementor-widget-mkdf_single_image\" data-id=\"1492edf\" data-element_type=\"widget\" data-widget_type=\"mkdf_single_image.default\">\n\t\t\t\t<div class=\"elementor-widget-container\">\n\t\t\t\t\t<div class=\"mkdf-single-image-holder   \">\n    <div class=\"mkdf-si-inner\" >\n                                    <img loading=\"lazy\" decoding=\"async\" width=\"1200\" height=\"800\" src=\"https:\/\/marica.org\/wp-content\/uploads\/2025\/10\/napoli-10.jpeg\" class=\"attachment-full size-full\" alt=\"\" srcset=\"https:\/\/marica.org\/wp-content\/uploads\/2025\/10\/napoli-10.jpeg 1200w, https:\/\/marica.org\/wp-content\/uploads\/2025\/10\/napoli-10-300x200.jpeg 300w, https:\/\/marica.org\/wp-content\/uploads\/2025\/10\/napoli-10-1024x683.jpeg 1024w, https:\/\/marica.org\/wp-content\/uploads\/2025\/10\/napoli-10-768x512.jpeg 768w\" sizes=\"(max-width: 1200px) 100vw, 1200px\" \/>                        <\/div>\n<\/div>\t\t\t\t<\/div>\n\t\t\t\t<\/div>\n\t\t\t\t<div class=\"elementor-element elementor-element-de817d6 elementor-widget elementor-widget-mkdf_single_image\" data-id=\"de817d6\" data-element_type=\"widget\" data-widget_type=\"mkdf_single_image.default\">\n\t\t\t\t<div class=\"elementor-widget-container\">\n\t\t\t\t\t<div class=\"mkdf-single-image-holder   \">\n    <div class=\"mkdf-si-inner\" >\n                                    <img loading=\"lazy\" decoding=\"async\" width=\"1200\" height=\"800\" src=\"https:\/\/marica.org\/wp-content\/uploads\/2025\/10\/napoli-70.jpeg\" class=\"attachment-full size-full\" alt=\"\" srcset=\"https:\/\/marica.org\/wp-content\/uploads\/2025\/10\/napoli-70.jpeg 1200w, https:\/\/marica.org\/wp-content\/uploads\/2025\/10\/napoli-70-300x200.jpeg 300w, https:\/\/marica.org\/wp-content\/uploads\/2025\/10\/napoli-70-1024x683.jpeg 1024w, https:\/\/marica.org\/wp-content\/uploads\/2025\/10\/napoli-70-768x512.jpeg 768w\" sizes=\"(max-width: 1200px) 100vw, 1200px\" \/>                        <\/div>\n<\/div>\t\t\t\t<\/div>\n\t\t\t\t<\/div>\n\t\t\t\t\t<\/div>\n\t\t\t\t<\/div>\n\t\t<div class=\"elementor-element elementor-element-7b4eec3 e-flex e-con-boxed e-con e-parent\" data-id=\"7b4eec3\" data-element_type=\"container\">\n\t\t\t\t\t<div class=\"e-con-inner\">\n\t\t\t\t<div class=\"elementor-element elementor-element-b999139 elementor-widget elementor-widget-text-editor\" data-id=\"b999139\" data-element_type=\"widget\" data-widget_type=\"text-editor.default\">\n\t\t\t\t<div class=\"elementor-widget-container\">\n\t\t\t\t\t\t\t\t\t<p>\u0160etaju\u0107i po Napulju \u010dovek ne mo\u017ee da ignori\u0161e sve ove napuljske svetinje. I one koje je Vatikan piznao i one koje nije. Napuljci im se podjednako klanjaju. Jednako se mole i onom koji je me\u0111u njima \u0161etao, kao i onima koje znaju samo iz crkvenih predanja. Od njih tra\u017ee utehu, kada im politi\u010dari usled pritiska EU name\u0107u nove mere \u0161tednje. Od njih tra\u017ee savet kako da naprave bolji pesto nego \u0110enovljani. Njima se mole da im se \u0107erke ne udaju za nekog iz Kamore.\u00a0<\/p>\t\t\t\t\t\t\t\t<\/div>\n\t\t\t\t<\/div>\n\t\t\t\t<div class=\"elementor-element elementor-element-f24ba92 elementor-widget elementor-widget-mkdf_single_image\" data-id=\"f24ba92\" data-element_type=\"widget\" data-widget_type=\"mkdf_single_image.default\">\n\t\t\t\t<div class=\"elementor-widget-container\">\n\t\t\t\t\t<div class=\"mkdf-single-image-holder   \">\n    <div class=\"mkdf-si-inner\" >\n                                    <img loading=\"lazy\" decoding=\"async\" width=\"1200\" height=\"800\" src=\"https:\/\/marica.org\/wp-content\/uploads\/2025\/10\/napoli-24.jpeg\" class=\"attachment-full size-full\" alt=\"\" srcset=\"https:\/\/marica.org\/wp-content\/uploads\/2025\/10\/napoli-24.jpeg 1200w, https:\/\/marica.org\/wp-content\/uploads\/2025\/10\/napoli-24-300x200.jpeg 300w, https:\/\/marica.org\/wp-content\/uploads\/2025\/10\/napoli-24-1024x683.jpeg 1024w, https:\/\/marica.org\/wp-content\/uploads\/2025\/10\/napoli-24-768x512.jpeg 768w\" sizes=\"(max-width: 1200px) 100vw, 1200px\" \/>                        <\/div>\n<\/div>\t\t\t\t<\/div>\n\t\t\t\t<\/div>\n\t\t\t\t<div class=\"elementor-element elementor-element-ea07374 elementor-widget elementor-widget-mkdf_image_gallery\" data-id=\"ea07374\" data-element_type=\"widget\" data-widget_type=\"mkdf_image_gallery.default\">\n\t\t\t\t<div class=\"elementor-widget-container\">\n\t\t\t\t\t<div class=\"mkdf-image-gallery mkdf-grid-list mkdf-disable-bottom-space  mkdf-ig-grid-type mkdf-two-columns mkdf-tiny-space  \">\n\t<div class=\"mkdf-ig-inner mkdf-outer-space\">\n\t\t\t\t\t<div class=\"mkdf-ig-image mkdf-item-space\">\n\t\t\t\t<div class=\"mkdf-ig-image-inner\">\n\t\t\t\t\t\t\t\t\t\t\t<img loading=\"lazy\" decoding=\"async\" width=\"800\" height=\"1200\" src=\"https:\/\/marica.org\/wp-content\/uploads\/2025\/10\/napoli-103.jpeg\" class=\"attachment-full size-full\" alt=\"\" srcset=\"https:\/\/marica.org\/wp-content\/uploads\/2025\/10\/napoli-103.jpeg 800w, https:\/\/marica.org\/wp-content\/uploads\/2025\/10\/napoli-103-200x300.jpeg 200w, https:\/\/marica.org\/wp-content\/uploads\/2025\/10\/napoli-103-683x1024.jpeg 683w, https:\/\/marica.org\/wp-content\/uploads\/2025\/10\/napoli-103-768x1152.jpeg 768w\" sizes=\"(max-width: 800px) 100vw, 800px\" \/>\t\t\t\t\t\t\t\t\t<\/div>\n\t\t\t<\/div>\n\t\t\t\t\t<div class=\"mkdf-ig-image mkdf-item-space\">\n\t\t\t\t<div class=\"mkdf-ig-image-inner\">\n\t\t\t\t\t\t\t\t\t\t\t<img loading=\"lazy\" decoding=\"async\" width=\"800\" height=\"1200\" src=\"https:\/\/marica.org\/wp-content\/uploads\/2025\/10\/napoli-22.jpeg\" class=\"attachment-full size-full\" alt=\"\" srcset=\"https:\/\/marica.org\/wp-content\/uploads\/2025\/10\/napoli-22.jpeg 800w, https:\/\/marica.org\/wp-content\/uploads\/2025\/10\/napoli-22-200x300.jpeg 200w, https:\/\/marica.org\/wp-content\/uploads\/2025\/10\/napoli-22-683x1024.jpeg 683w, https:\/\/marica.org\/wp-content\/uploads\/2025\/10\/napoli-22-768x1152.jpeg 768w\" sizes=\"(max-width: 800px) 100vw, 800px\" \/>\t\t\t\t\t\t\t\t\t<\/div>\n\t\t\t<\/div>\n\t\t\t<\/div>\n<\/div>\t\t\t\t<\/div>\n\t\t\t\t<\/div>\n\t\t\t\t<div class=\"elementor-element elementor-element-035147c elementor-widget elementor-widget-mkdf_single_image\" data-id=\"035147c\" data-element_type=\"widget\" data-widget_type=\"mkdf_single_image.default\">\n\t\t\t\t<div class=\"elementor-widget-container\">\n\t\t\t\t\t<div class=\"mkdf-single-image-holder   \">\n    <div class=\"mkdf-si-inner\" >\n                                    <img loading=\"lazy\" decoding=\"async\" width=\"1200\" height=\"800\" src=\"https:\/\/marica.org\/wp-content\/uploads\/2025\/10\/napoli-123.jpeg\" class=\"attachment-full size-full\" alt=\"\" srcset=\"https:\/\/marica.org\/wp-content\/uploads\/2025\/10\/napoli-123.jpeg 1200w, https:\/\/marica.org\/wp-content\/uploads\/2025\/10\/napoli-123-300x200.jpeg 300w, https:\/\/marica.org\/wp-content\/uploads\/2025\/10\/napoli-123-1024x683.jpeg 1024w, https:\/\/marica.org\/wp-content\/uploads\/2025\/10\/napoli-123-768x512.jpeg 768w\" sizes=\"(max-width: 1200px) 100vw, 1200px\" \/>                        <\/div>\n<\/div>\t\t\t\t<\/div>\n\t\t\t\t<\/div>\n\t\t\t\t\t<\/div>\n\t\t\t\t<\/div>\n\t\t<div class=\"elementor-element elementor-element-c2e5675 e-flex e-con-boxed e-con e-parent\" data-id=\"c2e5675\" data-element_type=\"container\">\n\t\t\t\t\t<div class=\"e-con-inner\">\n\t\t\t\t<div class=\"elementor-element elementor-element-a4416f2 elementor-widget elementor-widget-text-editor\" data-id=\"a4416f2\" data-element_type=\"widget\" data-widget_type=\"text-editor.default\">\n\t\t\t\t<div class=\"elementor-widget-container\">\n\t\t\t\t\t\t\t\t\t<p>Nama, nevernicima zate\u010denim u Napulju, ako ne za ne\u0161to vi\u0161e, svi ti sveti dobro poslu\u017ee kao podloga za kratku pri\u010du o Napulju.\u00a0<\/p>\t\t\t\t\t\t\t\t<\/div>\n\t\t\t\t<\/div>\n\t\t\t\t\t<\/div>\n\t\t\t\t<\/div>\n\t\t\t\t<\/div>\n\t\t","protected":false},"excerpt":{"rendered":"<p>\u010citam skoro vesti o tome kako su prekrili mural Maradone u \u0161panskoj \u010detvrti u Napulju. Pro\u010ditala sam prvo prekre\u010dili. Pomislih: Kona\u010dno! Taj osrednje ru\u017enjikav mural je ionako dobijao previ\u0161e pa\u017enje. Ako ste se ikada zatekli u Napulju i odlu\u010dili da [&hellip;]<\/p>\n","protected":false},"author":1,"featured_media":0,"comment_status":"open","ping_status":"open","sticky":false,"template":"","format":"standard","meta":{"footnotes":""},"categories":[20,506,502],"tags":[],"class_list":["post-20296","post","type-post","status-publish","format-standard","hentry","category-italy","category-italy-stories-italy","category-stories"],"_links":{"self":[{"href":"https:\/\/marica.org\/index.php?rest_route=\/wp\/v2\/posts\/20296","targetHints":{"allow":["GET"]}}],"collection":[{"href":"https:\/\/marica.org\/index.php?rest_route=\/wp\/v2\/posts"}],"about":[{"href":"https:\/\/marica.org\/index.php?rest_route=\/wp\/v2\/types\/post"}],"author":[{"embeddable":true,"href":"https:\/\/marica.org\/index.php?rest_route=\/wp\/v2\/users\/1"}],"replies":[{"embeddable":true,"href":"https:\/\/marica.org\/index.php?rest_route=%2Fwp%2Fv2%2Fcomments&post=20296"}],"version-history":[{"count":8,"href":"https:\/\/marica.org\/index.php?rest_route=\/wp\/v2\/posts\/20296\/revisions"}],"predecessor-version":[{"id":20304,"href":"https:\/\/marica.org\/index.php?rest_route=\/wp\/v2\/posts\/20296\/revisions\/20304"}],"wp:attachment":[{"href":"https:\/\/marica.org\/index.php?rest_route=%2Fwp%2Fv2%2Fmedia&parent=20296"}],"wp:term":[{"taxonomy":"category","embeddable":true,"href":"https:\/\/marica.org\/index.php?rest_route=%2Fwp%2Fv2%2Fcategories&post=20296"},{"taxonomy":"post_tag","embeddable":true,"href":"https:\/\/marica.org\/index.php?rest_route=%2Fwp%2Fv2%2Ftags&post=20296"}],"curies":[{"name":"wp","href":"https:\/\/api.w.org\/{rel}","templated":true}]}}