{"id":20306,"date":"2025-10-20T10:16:49","date_gmt":"2025-10-20T10:16:49","guid":{"rendered":"https:\/\/marica.org\/?p=20306"},"modified":"2025-10-20T10:49:15","modified_gmt":"2025-10-20T10:49:15","slug":"cyopkaf","status":"publish","type":"post","link":"https:\/\/marica.org\/?p=20306","title":{"rendered":"cyop&#038;kaf"},"content":{"rendered":"\t\t<div data-elementor-type=\"wp-post\" data-elementor-id=\"20306\" class=\"elementor elementor-20306\">\n\t\t\t\t<div class=\"elementor-element elementor-element-cfa7edc e-flex e-con-boxed e-con e-parent\" data-id=\"cfa7edc\" data-element_type=\"container\">\n\t\t\t\t\t<div class=\"e-con-inner\">\n\t\t\t\t<div class=\"elementor-element elementor-element-6418619 elementor-widget elementor-widget-text-editor\" data-id=\"6418619\" data-element_type=\"widget\" data-widget_type=\"text-editor.default\">\n\t\t\t\t<div class=\"elementor-widget-container\">\n\t\t\t\t\t\t\t\t\t<p>Ne znam za\u0161to ovaj post nisam napisala 2022. kada sam se vratila iz Napulja. Ne znam za\u0161to ga nisam napisala ni po\u010detkom 2025. kada je&#8230; O tome \u0107e malo kasnije biti vi\u0161e re\u010di. Ali, znam za\u0161to ga pi\u0161em sada. Posledica je \u010ditanja vesti o muralu sa likom Maradone. Pomislih, ako sam ve\u0107 ostavila pisani trag o uli\u010dnoj umetnosti Napulja, daj da to odradim kako treba. Mada taj fenomen Svetog Maradone i oltari na ulicama Italije zaista jesu fascinantni, oni nisu ni prva, ni jedina stvar na koju pomislim kada se prisetim napuljskog \u0161areni\u0161a.<\/p>\t\t\t\t\t\t\t\t<\/div>\n\t\t\t\t<\/div>\n\t\t\t\t<div class=\"elementor-element elementor-element-db697bb elementor-widget elementor-widget-text-editor\" data-id=\"db697bb\" data-element_type=\"widget\" data-widget_type=\"text-editor.default\">\n\t\t\t\t<div class=\"elementor-widget-container\">\n\t\t\t\t\t\t\t\t\t<p>\u0160panska \u010detvrt u Napulju je naj\u0161areniji deo grada. Na tim ulicama se svakakva vizualna zadovoljstva mogu iskusiti. Kao svaka turisti\u010dka \u010detvrt, prepuna je turista i zato, na momente, stra\u0161no naporna. No, u ve\u0107ini uli\u010dica i prolaza zapravo i nema previ\u0161e ljudi, a zidovi su i dalje i\u0161vrljani od temelja pa sve dokle je umetnik uspeo da dobaci u visinu. I ne mo\u017ee \u010dovek da provede previ\u0161e vremena na tim ulicama a da ne krene da prime\u0107uje radove cyop&amp;kaf-a.<\/p>\t\t\t\t\t\t\t\t<\/div>\n\t\t\t\t<\/div>\n\t\t\t\t<div class=\"elementor-element elementor-element-c69c3ab elementor-widget elementor-widget-mkdf_single_image\" data-id=\"c69c3ab\" data-element_type=\"widget\" data-widget_type=\"mkdf_single_image.default\">\n\t\t\t\t<div class=\"elementor-widget-container\">\n\t\t\t\t\t<div class=\"mkdf-single-image-holder   \">\n    <div class=\"mkdf-si-inner\" >\n                                    <img fetchpriority=\"high\" decoding=\"async\" width=\"1200\" height=\"801\" src=\"https:\/\/marica.org\/wp-content\/uploads\/2025\/10\/napoli-27.jpeg\" class=\"attachment-full size-full\" alt=\"\" srcset=\"https:\/\/marica.org\/wp-content\/uploads\/2025\/10\/napoli-27.jpeg 1200w, https:\/\/marica.org\/wp-content\/uploads\/2025\/10\/napoli-27-300x200.jpeg 300w, https:\/\/marica.org\/wp-content\/uploads\/2025\/10\/napoli-27-1024x684.jpeg 1024w, https:\/\/marica.org\/wp-content\/uploads\/2025\/10\/napoli-27-768x513.jpeg 768w\" sizes=\"(max-width: 1200px) 100vw, 1200px\" \/>                        <\/div>\n<\/div>\t\t\t\t<\/div>\n\t\t\t\t<\/div>\n\t\t\t\t\t<\/div>\n\t\t\t\t<\/div>\n\t\t<div class=\"elementor-element elementor-element-ac80e29 e-flex e-con-boxed e-con e-parent\" data-id=\"ac80e29\" data-element_type=\"container\">\n\t\t\t\t\t<div class=\"e-con-inner\">\n\t\t\t\t<div class=\"elementor-element elementor-element-7cc121e elementor-widget elementor-widget-text-editor\" data-id=\"7cc121e\" data-element_type=\"widget\" data-widget_type=\"text-editor.default\">\n\t\t\t\t<div class=\"elementor-widget-container\">\n\t\t\t\t\t\t\t\t\t<p>Stil je vrlo autenti\u010dan. Te\u0161ko ga je pobrkati sa nekim drugim tj. ne primetiti mno\u0161tvo radova do te mere vizuelno bliskih. Nema senki. Sve ivice su jasne. Uvek samo osnovne boje. Uvek ista plava, \u017euta, crvena, crna i bela. Isklju\u010divo na vratima prizemlja ili metalnim zastorima lokala.<\/p>\t\t\t\t\t\t\t\t<\/div>\n\t\t\t\t<\/div>\n\t\t\t\t<div class=\"elementor-element elementor-element-69c890a elementor-widget elementor-widget-mkdf_single_image\" data-id=\"69c890a\" data-element_type=\"widget\" data-widget_type=\"mkdf_single_image.default\">\n\t\t\t\t<div class=\"elementor-widget-container\">\n\t\t\t\t\t<div class=\"mkdf-single-image-holder   \">\n    <div class=\"mkdf-si-inner\" >\n                                    <img decoding=\"async\" width=\"1200\" height=\"801\" src=\"https:\/\/marica.org\/wp-content\/uploads\/2025\/10\/napoli-31.jpeg\" class=\"attachment-full size-full\" alt=\"\" srcset=\"https:\/\/marica.org\/wp-content\/uploads\/2025\/10\/napoli-31.jpeg 1200w, https:\/\/marica.org\/wp-content\/uploads\/2025\/10\/napoli-31-300x200.jpeg 300w, https:\/\/marica.org\/wp-content\/uploads\/2025\/10\/napoli-31-1024x684.jpeg 1024w, https:\/\/marica.org\/wp-content\/uploads\/2025\/10\/napoli-31-768x513.jpeg 768w\" sizes=\"(max-width: 1200px) 100vw, 1200px\" \/>                        <\/div>\n<\/div>\t\t\t\t<\/div>\n\t\t\t\t<\/div>\n\t\t\t\t\t<\/div>\n\t\t\t\t<\/div>\n\t\t<div class=\"elementor-element elementor-element-7e1ef34 e-flex e-con-boxed e-con e-parent\" data-id=\"7e1ef34\" data-element_type=\"container\">\n\t\t\t\t\t<div class=\"e-con-inner\">\n\t\t\t\t<div class=\"elementor-element elementor-element-cc4f8a3 elementor-widget elementor-widget-text-editor\" data-id=\"cc4f8a3\" data-element_type=\"widget\" data-widget_type=\"text-editor.default\">\n\t\t\t\t<div class=\"elementor-widget-container\">\n\t\t\t\t\t\t\t\t\t<p>Sve je po\u010delo kada je autor krenuo da crta grafite po zgradama o\u0161te\u0107enim tokom zemljotresa. Napu\u0161tenim objektima koji su zjapili prazni jer grad i vlasnici nisu imali sredstava da ih obnove. Rade\u0107i na jednom od grafita, uo\u010dio ga je slu\u010dajni prolaznik i zamolio da o\u0161areni i njegov <em>basso<\/em>. Baso su prizemni stanovi tipi\u010dni za talijanske metropole. Oni izlaze direktno na ulicu. Pod im je na nivou ulice. \u010cesto \u0107ete primetiti ljude koji stoje na prozorima, posmatraju svet na ulici. Dovikuju se sa nekim u prolazu. \u010cesto iznesu su\u0161ilice na ve\u0161 tik ispred ulaza. Ili prodaju d\u017eid\u017ea-bid\u017ee sa svog prozora. \u017divot u basu je polu-javan. Nakon tog zahteva, do\u0161ao je drugi, a onda tre\u0107i, i kao lan\u010dana reakcija njegovi crte\u017ei krenuli su polako da osvajaju \u0161pansku \u010detvrt Napulja. Autor je \u010desto izjavljivao da ne zna za\u0161to je to radio, nije imao nikakav jasan razlog za\u0161to je prihvatao sve te zahteve. Jednostavno mu se crtalo. I crtao je \u0161ta mu tog momenta padne na pamet. Nije se optere\u0107ivao ni temama. Mada sugra\u0111anima nije izlazio u susret kada su dolazili sa konkretnim zahtevom. Uslov da im oslika vrata bio je jasan; slika\u0107e ono \u0161to on \u017eeli.<\/p>\t\t\t\t\t\t\t\t<\/div>\n\t\t\t\t<\/div>\n\t\t\t\t<div class=\"elementor-element elementor-element-260aecd elementor-widget elementor-widget-mkdf_image_gallery\" data-id=\"260aecd\" data-element_type=\"widget\" data-widget_type=\"mkdf_image_gallery.default\">\n\t\t\t\t<div class=\"elementor-widget-container\">\n\t\t\t\t\t<div class=\"mkdf-image-gallery mkdf-grid-list mkdf-disable-bottom-space  mkdf-ig-grid-type mkdf-two-columns mkdf-micro-space  mkdf-image-behavior-lightbox\">\n\t<div class=\"mkdf-ig-inner mkdf-outer-space\">\n\t\t\t\t\t<div class=\"mkdf-ig-image mkdf-item-space\">\n\t\t\t\t<div class=\"mkdf-ig-image-inner\">\n\t\t\t\t\t\t\t\t\t\t\t<a itemprop=\"image\" class=\"mkdf-ig-lightbox\" href=\"https:\/\/marica.org\/wp-content\/uploads\/2025\/10\/napoli-37.jpeg\" data-rel=\"prettyPhoto[image_gallery_pretty_photo-920]\" title=\"napoli-37\">\n\t\t\t\t\t\t\t\t\t\t\t<img decoding=\"async\" width=\"1200\" height=\"801\" src=\"https:\/\/marica.org\/wp-content\/uploads\/2025\/10\/napoli-37.jpeg\" class=\"attachment-full size-full\" alt=\"\" srcset=\"https:\/\/marica.org\/wp-content\/uploads\/2025\/10\/napoli-37.jpeg 1200w, https:\/\/marica.org\/wp-content\/uploads\/2025\/10\/napoli-37-300x200.jpeg 300w, https:\/\/marica.org\/wp-content\/uploads\/2025\/10\/napoli-37-1024x684.jpeg 1024w, https:\/\/marica.org\/wp-content\/uploads\/2025\/10\/napoli-37-768x513.jpeg 768w\" sizes=\"(max-width: 1200px) 100vw, 1200px\" \/>\t\t\t\t\t\t\t\t\t\t\t<\/a>\n\t\t\t\t\t\t\t\t\t<\/div>\n\t\t\t<\/div>\n\t\t\t\t\t<div class=\"mkdf-ig-image mkdf-item-space\">\n\t\t\t\t<div class=\"mkdf-ig-image-inner\">\n\t\t\t\t\t\t\t\t\t\t\t<a itemprop=\"image\" class=\"mkdf-ig-lightbox\" href=\"https:\/\/marica.org\/wp-content\/uploads\/2025\/10\/napoli-14.jpeg\" data-rel=\"prettyPhoto[image_gallery_pretty_photo-920]\" title=\"napoli-14\">\n\t\t\t\t\t\t\t\t\t\t\t<img loading=\"lazy\" decoding=\"async\" width=\"1200\" height=\"800\" src=\"https:\/\/marica.org\/wp-content\/uploads\/2025\/10\/napoli-14.jpeg\" class=\"attachment-full size-full\" alt=\"\" srcset=\"https:\/\/marica.org\/wp-content\/uploads\/2025\/10\/napoli-14.jpeg 1200w, https:\/\/marica.org\/wp-content\/uploads\/2025\/10\/napoli-14-300x200.jpeg 300w, https:\/\/marica.org\/wp-content\/uploads\/2025\/10\/napoli-14-1024x683.jpeg 1024w, https:\/\/marica.org\/wp-content\/uploads\/2025\/10\/napoli-14-768x512.jpeg 768w\" sizes=\"(max-width: 1200px) 100vw, 1200px\" \/>\t\t\t\t\t\t\t\t\t\t\t<\/a>\n\t\t\t\t\t\t\t\t\t<\/div>\n\t\t\t<\/div>\n\t\t\t\t\t<div class=\"mkdf-ig-image mkdf-item-space\">\n\t\t\t\t<div class=\"mkdf-ig-image-inner\">\n\t\t\t\t\t\t\t\t\t\t\t<a itemprop=\"image\" class=\"mkdf-ig-lightbox\" href=\"https:\/\/marica.org\/wp-content\/uploads\/2025\/10\/napoli-40.jpeg\" data-rel=\"prettyPhoto[image_gallery_pretty_photo-920]\" title=\"napoli-40\">\n\t\t\t\t\t\t\t\t\t\t\t<img loading=\"lazy\" decoding=\"async\" width=\"1200\" height=\"801\" src=\"https:\/\/marica.org\/wp-content\/uploads\/2025\/10\/napoli-40.jpeg\" class=\"attachment-full size-full\" alt=\"\" srcset=\"https:\/\/marica.org\/wp-content\/uploads\/2025\/10\/napoli-40.jpeg 1200w, https:\/\/marica.org\/wp-content\/uploads\/2025\/10\/napoli-40-300x200.jpeg 300w, https:\/\/marica.org\/wp-content\/uploads\/2025\/10\/napoli-40-1024x684.jpeg 1024w, https:\/\/marica.org\/wp-content\/uploads\/2025\/10\/napoli-40-768x513.jpeg 768w\" sizes=\"(max-width: 1200px) 100vw, 1200px\" \/>\t\t\t\t\t\t\t\t\t\t\t<\/a>\n\t\t\t\t\t\t\t\t\t<\/div>\n\t\t\t<\/div>\n\t\t\t\t\t<div class=\"mkdf-ig-image mkdf-item-space\">\n\t\t\t\t<div class=\"mkdf-ig-image-inner\">\n\t\t\t\t\t\t\t\t\t\t\t<a itemprop=\"image\" class=\"mkdf-ig-lightbox\" href=\"https:\/\/marica.org\/wp-content\/uploads\/2025\/10\/napoli-38.jpeg\" data-rel=\"prettyPhoto[image_gallery_pretty_photo-920]\" title=\"napoli-38\">\n\t\t\t\t\t\t\t\t\t\t\t<img loading=\"lazy\" decoding=\"async\" width=\"1200\" height=\"800\" src=\"https:\/\/marica.org\/wp-content\/uploads\/2025\/10\/napoli-38.jpeg\" class=\"attachment-full size-full\" alt=\"\" srcset=\"https:\/\/marica.org\/wp-content\/uploads\/2025\/10\/napoli-38.jpeg 1200w, https:\/\/marica.org\/wp-content\/uploads\/2025\/10\/napoli-38-300x200.jpeg 300w, https:\/\/marica.org\/wp-content\/uploads\/2025\/10\/napoli-38-1024x683.jpeg 1024w, https:\/\/marica.org\/wp-content\/uploads\/2025\/10\/napoli-38-768x512.jpeg 768w\" sizes=\"(max-width: 1200px) 100vw, 1200px\" \/>\t\t\t\t\t\t\t\t\t\t\t<\/a>\n\t\t\t\t\t\t\t\t\t<\/div>\n\t\t\t<\/div>\n\t\t\t\t\t<div class=\"mkdf-ig-image mkdf-item-space\">\n\t\t\t\t<div class=\"mkdf-ig-image-inner\">\n\t\t\t\t\t\t\t\t\t\t\t<a itemprop=\"image\" class=\"mkdf-ig-lightbox\" href=\"https:\/\/marica.org\/wp-content\/uploads\/2025\/10\/napoli-45.jpeg\" data-rel=\"prettyPhoto[image_gallery_pretty_photo-920]\" title=\"napoli-45\">\n\t\t\t\t\t\t\t\t\t\t\t<img loading=\"lazy\" decoding=\"async\" width=\"1200\" height=\"800\" src=\"https:\/\/marica.org\/wp-content\/uploads\/2025\/10\/napoli-45.jpeg\" class=\"attachment-full size-full\" alt=\"\" srcset=\"https:\/\/marica.org\/wp-content\/uploads\/2025\/10\/napoli-45.jpeg 1200w, https:\/\/marica.org\/wp-content\/uploads\/2025\/10\/napoli-45-300x200.jpeg 300w, https:\/\/marica.org\/wp-content\/uploads\/2025\/10\/napoli-45-1024x683.jpeg 1024w, https:\/\/marica.org\/wp-content\/uploads\/2025\/10\/napoli-45-768x512.jpeg 768w\" sizes=\"(max-width: 1200px) 100vw, 1200px\" \/>\t\t\t\t\t\t\t\t\t\t\t<\/a>\n\t\t\t\t\t\t\t\t\t<\/div>\n\t\t\t<\/div>\n\t\t\t\t\t<div class=\"mkdf-ig-image mkdf-item-space\">\n\t\t\t\t<div class=\"mkdf-ig-image-inner\">\n\t\t\t\t\t\t\t\t\t\t\t<a itemprop=\"image\" class=\"mkdf-ig-lightbox\" href=\"https:\/\/marica.org\/wp-content\/uploads\/2025\/10\/napoli-32.jpeg\" data-rel=\"prettyPhoto[image_gallery_pretty_photo-920]\" title=\"napoli-32\">\n\t\t\t\t\t\t\t\t\t\t\t<img loading=\"lazy\" decoding=\"async\" width=\"1200\" height=\"800\" src=\"https:\/\/marica.org\/wp-content\/uploads\/2025\/10\/napoli-32.jpeg\" class=\"attachment-full size-full\" alt=\"\" srcset=\"https:\/\/marica.org\/wp-content\/uploads\/2025\/10\/napoli-32.jpeg 1200w, https:\/\/marica.org\/wp-content\/uploads\/2025\/10\/napoli-32-300x200.jpeg 300w, https:\/\/marica.org\/wp-content\/uploads\/2025\/10\/napoli-32-1024x683.jpeg 1024w, https:\/\/marica.org\/wp-content\/uploads\/2025\/10\/napoli-32-768x512.jpeg 768w\" sizes=\"(max-width: 1200px) 100vw, 1200px\" \/>\t\t\t\t\t\t\t\t\t\t\t<\/a>\n\t\t\t\t\t\t\t\t\t<\/div>\n\t\t\t<\/div>\n\t\t\t<\/div>\n<\/div>\t\t\t\t<\/div>\n\t\t\t\t<\/div>\n\t\t\t\t\t<\/div>\n\t\t\t\t<\/div>\n\t\t<div class=\"elementor-element elementor-element-38ca96f e-flex e-con-boxed e-con e-parent\" data-id=\"38ca96f\" data-element_type=\"container\">\n\t\t\t\t\t<div class=\"e-con-inner\">\n\t\t\t\t<div class=\"elementor-element elementor-element-a4cc3c0 elementor-widget elementor-widget-text-editor\" data-id=\"a4cc3c0\" data-element_type=\"widget\" data-widget_type=\"text-editor.default\">\n\t\t\t\t<div class=\"elementor-widget-container\">\n\t\t\t\t\t\t\t\t\t<p>Iako sam autor ne misli da su njegovi crte\u017ei preterano bitni i previ\u0161e &#8220;duboki&#8221;, sama koli\u010dina i &#8220;jednoli\u010dnost&#8221; su mene prili\u010dno fascinirali. On je godinama oslikavao ta vrata. Mnogi od crte\u017ea su ve\u0107 bili na\u010deti i izbledeli 2022., sada je stanje verovatno i gore.<\/p><p>Svojevremeno je napravljena i mapa sa lokacijama svih radova. \u0160tampana je i knjigu sa slikama istih. Sve se pretvorilo u ogroman projekat. Njegovi crte\u017ei su dali autenti\u010dan izgled \u0161panskoj \u010detvrti.\u00a0<\/p>\t\t\t\t\t\t\t\t<\/div>\n\t\t\t\t<\/div>\n\t\t\t\t<div class=\"elementor-element elementor-element-b7a2cb6 elementor-widget elementor-widget-mkdf_image_gallery\" data-id=\"b7a2cb6\" data-element_type=\"widget\" data-widget_type=\"mkdf_image_gallery.default\">\n\t\t\t\t<div class=\"elementor-widget-container\">\n\t\t\t\t\t<div class=\"mkdf-image-gallery mkdf-grid-list mkdf-disable-bottom-space  mkdf-ig-grid-type mkdf-three-columns mkdf-micro-space  mkdf-image-behavior-lightbox\">\n\t<div class=\"mkdf-ig-inner mkdf-outer-space\">\n\t\t\t\t\t<div class=\"mkdf-ig-image mkdf-item-space\">\n\t\t\t\t<div class=\"mkdf-ig-image-inner\">\n\t\t\t\t\t\t\t\t\t\t\t<a itemprop=\"image\" class=\"mkdf-ig-lightbox\" href=\"https:\/\/marica.org\/wp-content\/uploads\/2025\/10\/napoli-51.jpeg\" data-rel=\"prettyPhoto[image_gallery_pretty_photo-767]\" title=\"napoli-51\">\n\t\t\t\t\t\t\t\t\t\t\t<img loading=\"lazy\" decoding=\"async\" width=\"800\" height=\"1200\" src=\"https:\/\/marica.org\/wp-content\/uploads\/2025\/10\/napoli-51.jpeg\" class=\"attachment-full size-full\" alt=\"\" srcset=\"https:\/\/marica.org\/wp-content\/uploads\/2025\/10\/napoli-51.jpeg 800w, https:\/\/marica.org\/wp-content\/uploads\/2025\/10\/napoli-51-200x300.jpeg 200w, https:\/\/marica.org\/wp-content\/uploads\/2025\/10\/napoli-51-683x1024.jpeg 683w, https:\/\/marica.org\/wp-content\/uploads\/2025\/10\/napoli-51-768x1152.jpeg 768w\" sizes=\"(max-width: 800px) 100vw, 800px\" \/>\t\t\t\t\t\t\t\t\t\t\t<\/a>\n\t\t\t\t\t\t\t\t\t<\/div>\n\t\t\t<\/div>\n\t\t\t\t\t<div class=\"mkdf-ig-image mkdf-item-space\">\n\t\t\t\t<div class=\"mkdf-ig-image-inner\">\n\t\t\t\t\t\t\t\t\t\t\t<a itemprop=\"image\" class=\"mkdf-ig-lightbox\" href=\"https:\/\/marica.org\/wp-content\/uploads\/2025\/10\/napoli-52.jpeg\" data-rel=\"prettyPhoto[image_gallery_pretty_photo-767]\" title=\"napoli-52\">\n\t\t\t\t\t\t\t\t\t\t\t<img loading=\"lazy\" decoding=\"async\" width=\"801\" height=\"1200\" src=\"https:\/\/marica.org\/wp-content\/uploads\/2025\/10\/napoli-52.jpeg\" class=\"attachment-full size-full\" alt=\"\" srcset=\"https:\/\/marica.org\/wp-content\/uploads\/2025\/10\/napoli-52.jpeg 801w, https:\/\/marica.org\/wp-content\/uploads\/2025\/10\/napoli-52-200x300.jpeg 200w, https:\/\/marica.org\/wp-content\/uploads\/2025\/10\/napoli-52-684x1024.jpeg 684w, https:\/\/marica.org\/wp-content\/uploads\/2025\/10\/napoli-52-768x1151.jpeg 768w\" sizes=\"(max-width: 801px) 100vw, 801px\" \/>\t\t\t\t\t\t\t\t\t\t\t<\/a>\n\t\t\t\t\t\t\t\t\t<\/div>\n\t\t\t<\/div>\n\t\t\t\t\t<div class=\"mkdf-ig-image mkdf-item-space\">\n\t\t\t\t<div class=\"mkdf-ig-image-inner\">\n\t\t\t\t\t\t\t\t\t\t\t<a itemprop=\"image\" class=\"mkdf-ig-lightbox\" href=\"https:\/\/marica.org\/wp-content\/uploads\/2025\/10\/napoli-41.jpeg\" data-rel=\"prettyPhoto[image_gallery_pretty_photo-767]\" title=\"napoli-41\">\n\t\t\t\t\t\t\t\t\t\t\t<img loading=\"lazy\" decoding=\"async\" width=\"800\" height=\"1200\" src=\"https:\/\/marica.org\/wp-content\/uploads\/2025\/10\/napoli-41.jpeg\" class=\"attachment-full size-full\" alt=\"\" srcset=\"https:\/\/marica.org\/wp-content\/uploads\/2025\/10\/napoli-41.jpeg 800w, https:\/\/marica.org\/wp-content\/uploads\/2025\/10\/napoli-41-200x300.jpeg 200w, https:\/\/marica.org\/wp-content\/uploads\/2025\/10\/napoli-41-683x1024.jpeg 683w, https:\/\/marica.org\/wp-content\/uploads\/2025\/10\/napoli-41-768x1152.jpeg 768w\" sizes=\"(max-width: 800px) 100vw, 800px\" \/>\t\t\t\t\t\t\t\t\t\t\t<\/a>\n\t\t\t\t\t\t\t\t\t<\/div>\n\t\t\t<\/div>\n\t\t\t\t\t<div class=\"mkdf-ig-image mkdf-item-space\">\n\t\t\t\t<div class=\"mkdf-ig-image-inner\">\n\t\t\t\t\t\t\t\t\t\t\t<a itemprop=\"image\" class=\"mkdf-ig-lightbox\" href=\"https:\/\/marica.org\/wp-content\/uploads\/2025\/10\/napoli-50.jpeg\" data-rel=\"prettyPhoto[image_gallery_pretty_photo-767]\" title=\"napoli-50\">\n\t\t\t\t\t\t\t\t\t\t\t<img loading=\"lazy\" decoding=\"async\" width=\"801\" height=\"1200\" src=\"https:\/\/marica.org\/wp-content\/uploads\/2025\/10\/napoli-50.jpeg\" class=\"attachment-full size-full\" alt=\"\" srcset=\"https:\/\/marica.org\/wp-content\/uploads\/2025\/10\/napoli-50.jpeg 801w, https:\/\/marica.org\/wp-content\/uploads\/2025\/10\/napoli-50-200x300.jpeg 200w, https:\/\/marica.org\/wp-content\/uploads\/2025\/10\/napoli-50-684x1024.jpeg 684w, https:\/\/marica.org\/wp-content\/uploads\/2025\/10\/napoli-50-768x1151.jpeg 768w\" sizes=\"(max-width: 801px) 100vw, 801px\" \/>\t\t\t\t\t\t\t\t\t\t\t<\/a>\n\t\t\t\t\t\t\t\t\t<\/div>\n\t\t\t<\/div>\n\t\t\t\t\t<div class=\"mkdf-ig-image mkdf-item-space\">\n\t\t\t\t<div class=\"mkdf-ig-image-inner\">\n\t\t\t\t\t\t\t\t\t\t\t<a itemprop=\"image\" class=\"mkdf-ig-lightbox\" href=\"https:\/\/marica.org\/wp-content\/uploads\/2025\/10\/napoli-49.jpeg\" data-rel=\"prettyPhoto[image_gallery_pretty_photo-767]\" title=\"napoli-49\">\n\t\t\t\t\t\t\t\t\t\t\t<img loading=\"lazy\" decoding=\"async\" width=\"800\" height=\"1200\" src=\"https:\/\/marica.org\/wp-content\/uploads\/2025\/10\/napoli-49.jpeg\" class=\"attachment-full size-full\" alt=\"\" srcset=\"https:\/\/marica.org\/wp-content\/uploads\/2025\/10\/napoli-49.jpeg 800w, https:\/\/marica.org\/wp-content\/uploads\/2025\/10\/napoli-49-200x300.jpeg 200w, https:\/\/marica.org\/wp-content\/uploads\/2025\/10\/napoli-49-683x1024.jpeg 683w, https:\/\/marica.org\/wp-content\/uploads\/2025\/10\/napoli-49-768x1152.jpeg 768w\" sizes=\"(max-width: 800px) 100vw, 800px\" \/>\t\t\t\t\t\t\t\t\t\t\t<\/a>\n\t\t\t\t\t\t\t\t\t<\/div>\n\t\t\t<\/div>\n\t\t\t\t\t<div class=\"mkdf-ig-image mkdf-item-space\">\n\t\t\t\t<div class=\"mkdf-ig-image-inner\">\n\t\t\t\t\t\t\t\t\t\t\t<a itemprop=\"image\" class=\"mkdf-ig-lightbox\" href=\"https:\/\/marica.org\/wp-content\/uploads\/2025\/10\/napoli-34.jpeg\" data-rel=\"prettyPhoto[image_gallery_pretty_photo-767]\" title=\"napoli-34\">\n\t\t\t\t\t\t\t\t\t\t\t<img loading=\"lazy\" decoding=\"async\" width=\"800\" height=\"1200\" src=\"https:\/\/marica.org\/wp-content\/uploads\/2025\/10\/napoli-34.jpeg\" class=\"attachment-full size-full\" alt=\"\" srcset=\"https:\/\/marica.org\/wp-content\/uploads\/2025\/10\/napoli-34.jpeg 800w, https:\/\/marica.org\/wp-content\/uploads\/2025\/10\/napoli-34-200x300.jpeg 200w, https:\/\/marica.org\/wp-content\/uploads\/2025\/10\/napoli-34-683x1024.jpeg 683w, https:\/\/marica.org\/wp-content\/uploads\/2025\/10\/napoli-34-768x1152.jpeg 768w\" sizes=\"(max-width: 800px) 100vw, 800px\" \/>\t\t\t\t\t\t\t\t\t\t\t<\/a>\n\t\t\t\t\t\t\t\t\t<\/div>\n\t\t\t<\/div>\n\t\t\t<\/div>\n<\/div>\t\t\t\t<\/div>\n\t\t\t\t<\/div>\n\t\t\t\t\t<\/div>\n\t\t\t\t<\/div>\n\t\t<div class=\"elementor-element elementor-element-b3ea0e0 e-flex e-con-boxed e-con e-parent\" data-id=\"b3ea0e0\" data-element_type=\"container\">\n\t\t\t\t\t<div class=\"e-con-inner\">\n\t\t\t\t<div class=\"elementor-element elementor-element-d99a484 elementor-widget elementor-widget-mkdf_separator\" data-id=\"d99a484\" data-element_type=\"widget\" data-widget_type=\"mkdf_separator.default\">\n\t\t\t\t<div class=\"elementor-widget-container\">\n\t\t\t\t\t    <div class=\"mkdf-separator-holder clearfix  mkdf-separator-center mkdf-separator-normal\">\n        <div class=\"mkdf-separator\" style=\"border-color: #F7775E;width: 80%;margin-top: 20px;margin-bottom: 20px\"><\/div>\n    <\/div>\n\t\t\t\t<\/div>\n\t\t\t\t<\/div>\n\t\t\t\t\t<\/div>\n\t\t\t\t<\/div>\n\t\t<div class=\"elementor-element elementor-element-8156935 e-grid e-con-boxed e-con e-parent\" data-id=\"8156935\" data-element_type=\"container\" data-settings=\"{&quot;background_background&quot;:&quot;classic&quot;}\">\n\t\t\t\t\t<div class=\"e-con-inner\">\n\t\t\t\t<div class=\"elementor-element elementor-element-8cdfccd elementor-widget elementor-widget-image\" data-id=\"8cdfccd\" data-element_type=\"widget\" data-widget_type=\"image.default\">\n\t\t\t\t<div class=\"elementor-widget-container\">\n\t\t\t\t\t\t\t\t\t\t\t\t\t\t\t<img loading=\"lazy\" decoding=\"async\" width=\"1024\" height=\"1024\" src=\"https:\/\/marica.org\/wp-content\/uploads\/2025\/10\/474042094_18260336989283468_7015846003515751022_n-1024x1024.jpg\" class=\"attachment-large size-large wp-image-20308\" alt=\"\" srcset=\"https:\/\/marica.org\/wp-content\/uploads\/2025\/10\/474042094_18260336989283468_7015846003515751022_n-1024x1024.jpg 1024w, https:\/\/marica.org\/wp-content\/uploads\/2025\/10\/474042094_18260336989283468_7015846003515751022_n-300x300.jpg 300w, https:\/\/marica.org\/wp-content\/uploads\/2025\/10\/474042094_18260336989283468_7015846003515751022_n-150x150.jpg 150w, https:\/\/marica.org\/wp-content\/uploads\/2025\/10\/474042094_18260336989283468_7015846003515751022_n-768x768.jpg 768w, https:\/\/marica.org\/wp-content\/uploads\/2025\/10\/474042094_18260336989283468_7015846003515751022_n-650x650.jpg 650w, https:\/\/marica.org\/wp-content\/uploads\/2025\/10\/474042094_18260336989283468_7015846003515751022_n.jpg 1030w\" sizes=\"(max-width: 1024px) 100vw, 1024px\" \/>\t\t\t\t\t\t\t\t\t\t\t\t\t\t\t<\/div>\n\t\t\t\t<\/div>\n\t\t\t\t<div class=\"elementor-element elementor-element-15bf03f elementor-widget elementor-widget-text-editor\" data-id=\"15bf03f\" data-element_type=\"widget\" data-widget_type=\"text-editor.default\">\n\t\t\t\t<div class=\"elementor-widget-container\">\n\t\t\t\t\t\t\t\t\t<p>Cyop&amp;kaf ve\u0107 30 godina ukra\u0161ava ulice Napulja svojim grafitima i instalacijama. Po\u010detkom 2025. krenule su da se pojavljuju umrlice koje najavljuju kraj. Kraj onoga \u0161to je bilo i transformaciju u ne\u0161to novo. Mnogi su u tome videli nezadovoljstvo autora zbog d\u017eentrigikacije Napulja. Opra\u0161tanje od grada koje je znao, u kojem je \u017eiveo. Nemogu\u0107nost da na\u0111e svoje mesto u novom Napulju, prilago\u0111enog turistima. Da li je zaista tako, ostaje samo da naga\u0111amo.\u00a0<\/p><p>Zanimljivo mi je da je na mestu, koje je na tradicionalnim umrlicama rezervisano za svetca, ovde slika Malateste. Nije li lik najve\u0107eg (tj. najpoznatijeg) talijanskog anarhiste jasna poruka da se od borbe odustati ne\u0107e?<\/p><p>Jer, uli\u010dna umetnost i nije ni\u0161ta drugo od uporne borbe protiv ustaljenih pravila, ustaljenih normi, nametnutih ukusa i vrednosti.<\/p><p>(slika preuzeta sa zvani\u010dne <a href=\"https:\/\/insta-stories-viewer.com\/cyopekaf\/\" target=\"_blank\" rel=\"noopener\">instagram stranice<\/a>)<\/p>\t\t\t\t\t\t\t\t<\/div>\n\t\t\t\t<\/div>\n\t\t\t\t\t<\/div>\n\t\t\t\t<\/div>\n\t\t<div class=\"elementor-element elementor-element-e3d41d9 e-flex e-con-boxed e-con e-parent\" data-id=\"e3d41d9\" data-element_type=\"container\">\n\t\t\t\t\t<div class=\"e-con-inner\">\n\t\t\t\t<div class=\"elementor-element elementor-element-4abd1f6 elementor-widget elementor-widget-mkdf_separator\" data-id=\"4abd1f6\" data-element_type=\"widget\" data-widget_type=\"mkdf_separator.default\">\n\t\t\t\t<div class=\"elementor-widget-container\">\n\t\t\t\t\t    <div class=\"mkdf-separator-holder clearfix  mkdf-separator-center mkdf-separator-normal\">\n        <div class=\"mkdf-separator\" style=\"border-color: #F7775E;width: 80%;margin-top: 20px;margin-bottom: 20px\"><\/div>\n    <\/div>\n\t\t\t\t<\/div>\n\t\t\t\t<\/div>\n\t\t\t\t\t<\/div>\n\t\t\t\t<\/div>\n\t\t<div class=\"elementor-element elementor-element-cd48440 e-flex e-con-boxed e-con e-parent\" data-id=\"cd48440\" data-element_type=\"container\">\n\t\t\t\t\t<div class=\"e-con-inner\">\n\t\t\t\t<div class=\"elementor-element elementor-element-cbf657f elementor-widget elementor-widget-mkdf_single_image\" data-id=\"cbf657f\" data-element_type=\"widget\" data-widget_type=\"mkdf_single_image.default\">\n\t\t\t\t<div class=\"elementor-widget-container\">\n\t\t\t\t\t<div class=\"mkdf-single-image-holder   \">\n    <div class=\"mkdf-si-inner\" >\n                                    <img loading=\"lazy\" decoding=\"async\" width=\"1181\" height=\"631\" src=\"https:\/\/marica.org\/wp-content\/uploads\/2025\/10\/il-segreto.jpeg\" class=\"attachment-full size-full\" alt=\"\" srcset=\"https:\/\/marica.org\/wp-content\/uploads\/2025\/10\/il-segreto.jpeg 1181w, https:\/\/marica.org\/wp-content\/uploads\/2025\/10\/il-segreto-300x160.jpeg 300w, https:\/\/marica.org\/wp-content\/uploads\/2025\/10\/il-segreto-1024x547.jpeg 1024w, https:\/\/marica.org\/wp-content\/uploads\/2025\/10\/il-segreto-768x410.jpeg 768w\" sizes=\"(max-width: 1181px) 100vw, 1181px\" \/>                        <\/div>\n<\/div>\t\t\t\t<\/div>\n\t\t\t\t<\/div>\n\t\t\t\t<div class=\"elementor-element elementor-element-10f4b1e elementor-widget elementor-widget-text-editor\" data-id=\"10f4b1e\" data-element_type=\"widget\" data-widget_type=\"text-editor.default\">\n\t\t\t\t<div class=\"elementor-widget-container\">\n\t\t\t\t\t\t\t\t\t<p>Kao \u0161lag na tortu, za kraj i topla preporuka za dokumentarc (Il Segreto &#8211; Tajna) istog autora koji prikazuje lokalni obi\u010daj napuljske de\u010durlije da prave ogromne loma\u010de u slavu Svetog Antuna. Film prati decu i prikazuje njihove napore da na\u0111u, dovuku i sa\u010duvaju drva za loma\u010du. Veliki svet malih ljudi.<\/p><p>Film mo\u017eete pogledati na autorovoj <a href=\"https:\/\/vimeo.com\/84120689\" target=\"_blank\" rel=\"noopener\">Vimeo strani<\/a>.\u00a0<\/p>\t\t\t\t\t\t\t\t<\/div>\n\t\t\t\t<\/div>\n\t\t\t\t\t<\/div>\n\t\t\t\t<\/div>\n\t\t\t\t<\/div>\n\t\t","protected":false},"excerpt":{"rendered":"<p>Ne znam za\u0161to ovaj post nisam napisala 2022. kada sam se vratila iz Napulja. Ne znam za\u0161to ga nisam napisala ni po\u010detkom 2025. kada je&#8230; O tome \u0107e malo kasnije biti vi\u0161e re\u010di. Ali, znam za\u0161to ga pi\u0161em sada. Posledica [&hellip;]<\/p>\n","protected":false},"author":1,"featured_media":0,"comment_status":"open","ping_status":"open","sticky":false,"template":"","format":"standard","meta":{"footnotes":""},"categories":[20,506,502],"tags":[],"class_list":["post-20306","post","type-post","status-publish","format-standard","hentry","category-italy","category-italy-stories-italy","category-stories"],"_links":{"self":[{"href":"https:\/\/marica.org\/index.php?rest_route=\/wp\/v2\/posts\/20306","targetHints":{"allow":["GET"]}}],"collection":[{"href":"https:\/\/marica.org\/index.php?rest_route=\/wp\/v2\/posts"}],"about":[{"href":"https:\/\/marica.org\/index.php?rest_route=\/wp\/v2\/types\/post"}],"author":[{"embeddable":true,"href":"https:\/\/marica.org\/index.php?rest_route=\/wp\/v2\/users\/1"}],"replies":[{"embeddable":true,"href":"https:\/\/marica.org\/index.php?rest_route=%2Fwp%2Fv2%2Fcomments&post=20306"}],"version-history":[{"count":19,"href":"https:\/\/marica.org\/index.php?rest_route=\/wp\/v2\/posts\/20306\/revisions"}],"predecessor-version":[{"id":20331,"href":"https:\/\/marica.org\/index.php?rest_route=\/wp\/v2\/posts\/20306\/revisions\/20331"}],"wp:attachment":[{"href":"https:\/\/marica.org\/index.php?rest_route=%2Fwp%2Fv2%2Fmedia&parent=20306"}],"wp:term":[{"taxonomy":"category","embeddable":true,"href":"https:\/\/marica.org\/index.php?rest_route=%2Fwp%2Fv2%2Fcategories&post=20306"},{"taxonomy":"post_tag","embeddable":true,"href":"https:\/\/marica.org\/index.php?rest_route=%2Fwp%2Fv2%2Ftags&post=20306"}],"curies":[{"name":"wp","href":"https:\/\/api.w.org\/{rel}","templated":true}]}}