{"id":2340,"date":"2019-01-20T20:52:23","date_gmt":"2019-01-20T12:52:23","guid":{"rendered":"https:\/\/marica.org\/?p=2340"},"modified":"2024-03-30T09:00:13","modified_gmt":"2024-03-30T09:00:13","slug":"cileanski-pingvini","status":"publish","type":"post","link":"https:\/\/marica.org\/?p=2340","title":{"rendered":"\u010cileanski pingvini"},"content":{"rendered":"\t\t<div data-elementor-type=\"wp-post\" data-elementor-id=\"2340\" class=\"elementor elementor-2340\">\n\t\t\t\t<div class=\"elementor-element elementor-element-204fb29 e-flex e-con-boxed e-con e-parent\" data-id=\"204fb29\" data-element_type=\"container\">\n\t\t\t\t\t<div class=\"e-con-inner\">\n\t\t\t\t<div class=\"elementor-element elementor-element-1422335 elementor-widget elementor-widget-text-editor\" data-id=\"1422335\" data-element_type=\"widget\" data-widget_type=\"text-editor.default\">\n\t\t\t\t<div class=\"elementor-widget-container\">\n\t\t\t\t\t\t\t\t\t<p>Sve \u0161to smo zasigurno znali, nakon sletanja u Punta Arenas, bilo je u kom \u0107emo hostelu spavati tu no\u0107. Krevet sam nam rezervisala ve\u010de pred polazak jer me je mu\u010dila nesanica usled silnog uzbu\u0111enja, pred put. Svi ostali planovi su uslovljavali jedan drugi i bili daleko neizvesniji.<\/p><p>Uhvatili smo lokalni autobus koji je vozio od aerodroma do grada. Na\u0161 plan je bio prili\u010dno problemati\u010dan, previ\u0161e ako i kad i mo\u017eda je bilo u igri. Od vremenskih uslova je zavisilo kada \u0107emo mo\u0107i do ostrva Magdalena da vidimo pingvine. Od toga je zavisilo i kada \u0107emo krenuti za Puerto Natales.<br \/>Ispostavilo se da smo na ostrvo mogli istog dana. Bukirali smo karte za brod koji \u0107e nas prevesti do ostrva i krenuli u obilazak planinarskih radnji ne bi li na\u0161li par sitnica koje su nam nedostajale za vi\u0161ednevnu \u0161etnju u koju je trebalo da krenemo za par dana. Usput pro\u0111osmo pored autobuske stanice sa koje kre\u0107u autobusi za Puerto Natales. Uspeli smo da kupimo dve poslednje karte za to ve\u010de.<\/p><p>Ostrvce Magdalena nalazi se u Magelanovom moreuzu i poznato je kao kolonija mnogih ptica. Me\u0111utim, ve\u0107ina turista dolazi da bi videla Magelanove pingvine. Na ostrvu ih ima nekoliko desetina hiljada i ta\u010dan broj zavisi u kom periodu posetite ostrvo. Mi smo bili po\u010detkom decembra, kada jo\u0161 uvek nema prinova, pa je broj mnogo manji. Na ostrvu ne \u017eive ljudi, ali svakodnevno dolazi bar jedan brod koji dovodi turiste u obilazak. Grupa je poprili\u010dno velika, a ostvao maju\u0161no. Dozvoljeno je kretanje samo po obele\u017eenoj kru\u017enoj stazi, koja obilazi celo ostrvo. S obzirom da smo na ostrvo stigli nekih nedelju dana nakon Galapagosa, prili\u010dno me je frustrirala turisti\u010dka atmosfera. No i dalje je neosporno impozantna veli\u010dina kolonije, tj. broj pingvina na ostrvu. Na ostrvu se prili\u010dno kratko boravi, na sre\u0107u pingvina i nesre\u0107u nas radoznalaca koji ih nepozvani maltretiramo fotoaparatima. Pingvini dodu\u0161e sara\u0111uju. Uglavnom su sa zadovoljstvom pozirali.<\/p>\t\t\t\t\t\t\t\t<\/div>\n\t\t\t\t<\/div>\n\t\t\t\t<div class=\"elementor-element elementor-element-e84cf14 elementor-widget elementor-widget-mkdf_single_image\" data-id=\"e84cf14\" data-element_type=\"widget\" data-widget_type=\"mkdf_single_image.default\">\n\t\t\t\t<div class=\"elementor-widget-container\">\n\t\t\t\t\t<div class=\"mkdf-single-image-holder   \">\n    <div class=\"mkdf-si-inner\" >\n                                    <img fetchpriority=\"high\" decoding=\"async\" width=\"1200\" height=\"800\" src=\"https:\/\/marica.org\/wp-content\/uploads\/2024\/03\/isla-magdalena-8.jpg\" class=\"attachment-full size-full\" alt=\"\" srcset=\"https:\/\/marica.org\/wp-content\/uploads\/2024\/03\/isla-magdalena-8.jpg 1200w, https:\/\/marica.org\/wp-content\/uploads\/2024\/03\/isla-magdalena-8-300x200.jpg 300w, https:\/\/marica.org\/wp-content\/uploads\/2024\/03\/isla-magdalena-8-1024x683.jpg 1024w, https:\/\/marica.org\/wp-content\/uploads\/2024\/03\/isla-magdalena-8-768x512.jpg 768w\" sizes=\"(max-width: 1200px) 100vw, 1200px\" \/>                        <\/div>\n<\/div>\t\t\t\t<\/div>\n\t\t\t\t<\/div>\n\t\t\t\t<div class=\"elementor-element elementor-element-6910941 elementor-widget elementor-widget-mkdf_single_image\" data-id=\"6910941\" data-element_type=\"widget\" data-widget_type=\"mkdf_single_image.default\">\n\t\t\t\t<div class=\"elementor-widget-container\">\n\t\t\t\t\t<div class=\"mkdf-single-image-holder   \">\n    <div class=\"mkdf-si-inner\" >\n                                    <img decoding=\"async\" width=\"1200\" height=\"800\" src=\"https:\/\/marica.org\/wp-content\/uploads\/2024\/03\/isla-magdalena-13.jpg\" class=\"attachment-full size-full\" alt=\"\" srcset=\"https:\/\/marica.org\/wp-content\/uploads\/2024\/03\/isla-magdalena-13.jpg 1200w, https:\/\/marica.org\/wp-content\/uploads\/2024\/03\/isla-magdalena-13-300x200.jpg 300w, https:\/\/marica.org\/wp-content\/uploads\/2024\/03\/isla-magdalena-13-1024x683.jpg 1024w, https:\/\/marica.org\/wp-content\/uploads\/2024\/03\/isla-magdalena-13-768x512.jpg 768w\" sizes=\"(max-width: 1200px) 100vw, 1200px\" \/>                        <\/div>\n<\/div>\t\t\t\t<\/div>\n\t\t\t\t<\/div>\n\t\t\t\t<div class=\"elementor-element elementor-element-49a5f3b elementor-widget elementor-widget-mkdf_single_image\" data-id=\"49a5f3b\" data-element_type=\"widget\" data-widget_type=\"mkdf_single_image.default\">\n\t\t\t\t<div class=\"elementor-widget-container\">\n\t\t\t\t\t<div class=\"mkdf-single-image-holder   \">\n    <div class=\"mkdf-si-inner\" >\n                                    <img decoding=\"async\" width=\"1200\" height=\"800\" src=\"https:\/\/marica.org\/wp-content\/uploads\/2024\/03\/isla-magdalena-19.jpg\" class=\"attachment-full size-full\" alt=\"\" srcset=\"https:\/\/marica.org\/wp-content\/uploads\/2024\/03\/isla-magdalena-19.jpg 1200w, https:\/\/marica.org\/wp-content\/uploads\/2024\/03\/isla-magdalena-19-300x200.jpg 300w, https:\/\/marica.org\/wp-content\/uploads\/2024\/03\/isla-magdalena-19-1024x683.jpg 1024w, https:\/\/marica.org\/wp-content\/uploads\/2024\/03\/isla-magdalena-19-768x512.jpg 768w\" sizes=\"(max-width: 1200px) 100vw, 1200px\" \/>                        <\/div>\n<\/div>\t\t\t\t<\/div>\n\t\t\t\t<\/div>\n\t\t\t\t<div class=\"elementor-element elementor-element-a866041 elementor-widget elementor-widget-mkdf_single_image\" data-id=\"a866041\" data-element_type=\"widget\" data-widget_type=\"mkdf_single_image.default\">\n\t\t\t\t<div class=\"elementor-widget-container\">\n\t\t\t\t\t<div class=\"mkdf-single-image-holder   \">\n    <div class=\"mkdf-si-inner\" >\n                                    <img loading=\"lazy\" decoding=\"async\" width=\"1200\" height=\"800\" src=\"https:\/\/marica.org\/wp-content\/uploads\/2024\/03\/isla-magdalena-20.jpg\" class=\"attachment-full size-full\" alt=\"\" srcset=\"https:\/\/marica.org\/wp-content\/uploads\/2024\/03\/isla-magdalena-20.jpg 1200w, https:\/\/marica.org\/wp-content\/uploads\/2024\/03\/isla-magdalena-20-300x200.jpg 300w, https:\/\/marica.org\/wp-content\/uploads\/2024\/03\/isla-magdalena-20-1024x683.jpg 1024w, https:\/\/marica.org\/wp-content\/uploads\/2024\/03\/isla-magdalena-20-768x512.jpg 768w\" sizes=\"(max-width: 1200px) 100vw, 1200px\" \/>                        <\/div>\n<\/div>\t\t\t\t<\/div>\n\t\t\t\t<\/div>\n\t\t\t\t<div class=\"elementor-element elementor-element-4554567 elementor-widget elementor-widget-mkdf_single_image\" data-id=\"4554567\" data-element_type=\"widget\" data-widget_type=\"mkdf_single_image.default\">\n\t\t\t\t<div class=\"elementor-widget-container\">\n\t\t\t\t\t<div class=\"mkdf-single-image-holder   \">\n    <div class=\"mkdf-si-inner\" >\n                                    <img loading=\"lazy\" decoding=\"async\" width=\"1200\" height=\"800\" src=\"https:\/\/marica.org\/wp-content\/uploads\/2024\/03\/isla-magdalena-29.jpg\" class=\"attachment-full size-full\" alt=\"\" srcset=\"https:\/\/marica.org\/wp-content\/uploads\/2024\/03\/isla-magdalena-29.jpg 1200w, https:\/\/marica.org\/wp-content\/uploads\/2024\/03\/isla-magdalena-29-300x200.jpg 300w, https:\/\/marica.org\/wp-content\/uploads\/2024\/03\/isla-magdalena-29-1024x683.jpg 1024w, https:\/\/marica.org\/wp-content\/uploads\/2024\/03\/isla-magdalena-29-768x512.jpg 768w\" sizes=\"(max-width: 1200px) 100vw, 1200px\" \/>                        <\/div>\n<\/div>\t\t\t\t<\/div>\n\t\t\t\t<\/div>\n\t\t\t\t<div class=\"elementor-element elementor-element-6aea25a elementor-widget elementor-widget-mkdf_single_image\" data-id=\"6aea25a\" data-element_type=\"widget\" data-widget_type=\"mkdf_single_image.default\">\n\t\t\t\t<div class=\"elementor-widget-container\">\n\t\t\t\t\t<div class=\"mkdf-single-image-holder   \">\n    <div class=\"mkdf-si-inner\" >\n                                    <img loading=\"lazy\" decoding=\"async\" width=\"1200\" height=\"800\" src=\"https:\/\/marica.org\/wp-content\/uploads\/2024\/03\/isla-magdalena-31.jpg\" class=\"attachment-full size-full\" alt=\"\" srcset=\"https:\/\/marica.org\/wp-content\/uploads\/2024\/03\/isla-magdalena-31.jpg 1200w, https:\/\/marica.org\/wp-content\/uploads\/2024\/03\/isla-magdalena-31-300x200.jpg 300w, https:\/\/marica.org\/wp-content\/uploads\/2024\/03\/isla-magdalena-31-1024x683.jpg 1024w, https:\/\/marica.org\/wp-content\/uploads\/2024\/03\/isla-magdalena-31-768x512.jpg 768w\" sizes=\"(max-width: 1200px) 100vw, 1200px\" \/>                        <\/div>\n<\/div>\t\t\t\t<\/div>\n\t\t\t\t<\/div>\n\t\t\t\t<div class=\"elementor-element elementor-element-8ba913d elementor-widget elementor-widget-mkdf_single_image\" data-id=\"8ba913d\" data-element_type=\"widget\" data-widget_type=\"mkdf_single_image.default\">\n\t\t\t\t<div class=\"elementor-widget-container\">\n\t\t\t\t\t<div class=\"mkdf-single-image-holder   \">\n    <div class=\"mkdf-si-inner\" >\n                                    <img loading=\"lazy\" decoding=\"async\" width=\"1200\" height=\"800\" src=\"https:\/\/marica.org\/wp-content\/uploads\/2024\/03\/isla-magdalena-41.jpg\" class=\"attachment-full size-full\" alt=\"\" srcset=\"https:\/\/marica.org\/wp-content\/uploads\/2024\/03\/isla-magdalena-41.jpg 1200w, https:\/\/marica.org\/wp-content\/uploads\/2024\/03\/isla-magdalena-41-300x200.jpg 300w, https:\/\/marica.org\/wp-content\/uploads\/2024\/03\/isla-magdalena-41-1024x683.jpg 1024w, https:\/\/marica.org\/wp-content\/uploads\/2024\/03\/isla-magdalena-41-768x512.jpg 768w\" sizes=\"(max-width: 1200px) 100vw, 1200px\" \/>                        <\/div>\n<\/div>\t\t\t\t<\/div>\n\t\t\t\t<\/div>\n\t\t\t\t<div class=\"elementor-element elementor-element-d28d8f1 elementor-widget elementor-widget-mkdf_single_image\" data-id=\"d28d8f1\" data-element_type=\"widget\" data-widget_type=\"mkdf_single_image.default\">\n\t\t\t\t<div class=\"elementor-widget-container\">\n\t\t\t\t\t<div class=\"mkdf-single-image-holder   \">\n    <div class=\"mkdf-si-inner\" >\n                                    <img loading=\"lazy\" decoding=\"async\" width=\"1200\" height=\"800\" src=\"https:\/\/marica.org\/wp-content\/uploads\/2024\/03\/isla-magdalena-52.jpg\" class=\"attachment-full size-full\" alt=\"\" srcset=\"https:\/\/marica.org\/wp-content\/uploads\/2024\/03\/isla-magdalena-52.jpg 1200w, https:\/\/marica.org\/wp-content\/uploads\/2024\/03\/isla-magdalena-52-300x200.jpg 300w, https:\/\/marica.org\/wp-content\/uploads\/2024\/03\/isla-magdalena-52-1024x683.jpg 1024w, https:\/\/marica.org\/wp-content\/uploads\/2024\/03\/isla-magdalena-52-768x512.jpg 768w\" sizes=\"(max-width: 1200px) 100vw, 1200px\" \/>                        <\/div>\n<\/div>\t\t\t\t<\/div>\n\t\t\t\t<\/div>\n\t\t\t\t<div class=\"elementor-element elementor-element-8cb8e79 elementor-widget elementor-widget-mkdf_single_image\" data-id=\"8cb8e79\" data-element_type=\"widget\" data-widget_type=\"mkdf_single_image.default\">\n\t\t\t\t<div class=\"elementor-widget-container\">\n\t\t\t\t\t<div class=\"mkdf-single-image-holder   \">\n    <div class=\"mkdf-si-inner\" >\n                                    <img loading=\"lazy\" decoding=\"async\" width=\"1200\" height=\"800\" src=\"https:\/\/marica.org\/wp-content\/uploads\/2024\/03\/isla-magdalena-46.jpg\" class=\"attachment-full size-full\" alt=\"\" srcset=\"https:\/\/marica.org\/wp-content\/uploads\/2024\/03\/isla-magdalena-46.jpg 1200w, https:\/\/marica.org\/wp-content\/uploads\/2024\/03\/isla-magdalena-46-300x200.jpg 300w, https:\/\/marica.org\/wp-content\/uploads\/2024\/03\/isla-magdalena-46-1024x683.jpg 1024w, https:\/\/marica.org\/wp-content\/uploads\/2024\/03\/isla-magdalena-46-768x512.jpg 768w\" sizes=\"(max-width: 1200px) 100vw, 1200px\" \/>                        <\/div>\n<\/div>\t\t\t\t<\/div>\n\t\t\t\t<\/div>\n\t\t\t\t<div class=\"elementor-element elementor-element-8007e00 elementor-widget elementor-widget-text-editor\" data-id=\"8007e00\" data-element_type=\"widget\" data-widget_type=\"text-editor.default\">\n\t\t\t\t<div class=\"elementor-widget-container\">\n\t\t\t\t\t\t\t\t\t<p>To ve\u010de, dok smo putovali ka Puerto Natalesu, nisam se na\u010duditi mogla koliko neplaniranih stvari mo\u017ee da stane u jedan dan kada se sve kockice slo\u017ee. Tako\u0111e, i koliko \u0160vajcarac, koji je sedeo do mene, mo\u017ee puta da prdne i da mi se u\u010dtivo svaki put izvini u toku \u010detiri sata vo\u017enje. O smradu da ne pri\u010dam. No, ovo je post o pingvinima, ne manirima, zato u\u017eivajte u slikama.<\/p><p>Vi\u0161e slika mo\u017eete na\u0107i u mojoj galeriji:<\/p>\t\t\t\t\t\t\t\t<\/div>\n\t\t\t\t<\/div>\n\t\t\t\t<div class=\"elementor-element elementor-element-5cf7cb2 elementor-widget elementor-widget-mkdf_blog_list\" data-id=\"5cf7cb2\" data-element_type=\"widget\" data-widget_type=\"mkdf_blog_list.default\">\n\t\t\t\t<div class=\"elementor-widget-container\">\n\t\t\t\t\t<div class=\"mkdf-blog-list-holder mkdf-grid-list mkdf-disable-bottom-space mkdf-bl-custom mkdf-five-columns mkdf-micro-space mkdf-bl-pag-no-pagination  \"  data-type=custom data-number-of-posts=-1 data-number-of-columns=five data-space-between-items=micro data-category=ChilePhotos data-orderby=title data-order=ASC data-image-size=full data-title-tag=h5 data-excerpt-length=40 data-post-info-image=yes data-post-info-author=no data-post-info-date=no data-post-info-category=no data-post-info-comments=no data-post-info-like=no data-post-info-share=no data-pagination-type=no-pagination data-post-info-destination=no data-content-align=center-alignment data-post-info-read-more=no data-max-num-pages=0 data-next-page=2>\n\t<div class=\"mkdf-bl-wrapper mkdf-outer-space\">\n\t\t<ul class=\"mkdf-blog-list\">\n\t\t\t\n<li class=\"mkdf-bl-item mkdf-item-space \">\n\t<div class=\"mkdf-bli-inner\">\n\t\t\n\t<div class=\"mkdf-post-image\">\n\t\t\t\t\t<a itemprop=\"url\" href=\"https:\/\/marica.org\/?p=7556\" title=\"Isla Magdalena\">\n\t\t\t\t\t<img loading=\"lazy\" decoding=\"async\" width=\"1200\" height=\"800\" src=\"https:\/\/marica.org\/wp-content\/uploads\/2024\/03\/isla-magdalena-47.jpg\" class=\"attachment-full size-full\" alt=\"\" srcset=\"https:\/\/marica.org\/wp-content\/uploads\/2024\/03\/isla-magdalena-47.jpg 1200w, https:\/\/marica.org\/wp-content\/uploads\/2024\/03\/isla-magdalena-47-300x200.jpg 300w, https:\/\/marica.org\/wp-content\/uploads\/2024\/03\/isla-magdalena-47-1024x683.jpg 1024w, https:\/\/marica.org\/wp-content\/uploads\/2024\/03\/isla-magdalena-47-768x512.jpg 768w\" sizes=\"(max-width: 1200px) 100vw, 1200px\" \/>\t\t\t\t\t<\/a>\n\t\t\t\t\t<\/div>\n\n\t\t<div class=\"mkdf-bli-content\" >\n            \n<h5 itemprop=\"name\" class=\"entry-title mkdf-post-title\" >\n            <a itemprop=\"url\" href=\"https:\/\/marica.org\/?p=7556\" title=\"Isla Magdalena\">\n            Isla Magdalena            <\/a>\n    <\/h5>            <div class=\"mkdf-bli-excerpt\">\n\t\t\t\t\t\t\t\t            <\/div>\n            \t\t<\/div>\n\t<\/div>\n<\/li>\n<li class=\"mkdf-bl-item mkdf-item-space \">\n\t<div class=\"mkdf-bli-inner\">\n\t\t\n\t<div class=\"mkdf-post-image\">\n\t\t\t\t\t<a itemprop=\"url\" href=\"https:\/\/marica.org\/?p=7271\" title=\"Rapa Nui\">\n\t\t\t\t\t<img loading=\"lazy\" decoding=\"async\" width=\"1200\" height=\"800\" src=\"https:\/\/marica.org\/wp-content\/uploads\/2024\/03\/rapa-nui-48.jpg\" class=\"attachment-full size-full\" alt=\"\" srcset=\"https:\/\/marica.org\/wp-content\/uploads\/2024\/03\/rapa-nui-48.jpg 1200w, https:\/\/marica.org\/wp-content\/uploads\/2024\/03\/rapa-nui-48-300x200.jpg 300w, https:\/\/marica.org\/wp-content\/uploads\/2024\/03\/rapa-nui-48-1024x683.jpg 1024w, https:\/\/marica.org\/wp-content\/uploads\/2024\/03\/rapa-nui-48-768x512.jpg 768w\" sizes=\"(max-width: 1200px) 100vw, 1200px\" \/>\t\t\t\t\t<\/a>\n\t\t\t\t\t<\/div>\n\n\t\t<div class=\"mkdf-bli-content\" >\n            \n<h5 itemprop=\"name\" class=\"entry-title mkdf-post-title\" >\n            <a itemprop=\"url\" href=\"https:\/\/marica.org\/?p=7271\" title=\"Rapa Nui\">\n            Rapa Nui            <\/a>\n    <\/h5>            <div class=\"mkdf-bli-excerpt\">\n\t\t\t\t\t\t\t\t            <\/div>\n            \t\t<\/div>\n\t<\/div>\n<\/li>\n<li class=\"mkdf-bl-item mkdf-item-space \">\n\t<div class=\"mkdf-bli-inner\">\n\t\t\n\t<div class=\"mkdf-post-image\">\n\t\t\t\t\t<a itemprop=\"url\" href=\"https:\/\/marica.org\/?p=17335\" title=\"Santiago\">\n\t\t\t\t\t<img loading=\"lazy\" decoding=\"async\" width=\"1200\" height=\"800\" src=\"https:\/\/marica.org\/wp-content\/uploads\/2024\/04\/Santiago-22.jpg\" class=\"attachment-full size-full\" alt=\"\" srcset=\"https:\/\/marica.org\/wp-content\/uploads\/2024\/04\/Santiago-22.jpg 1200w, https:\/\/marica.org\/wp-content\/uploads\/2024\/04\/Santiago-22-300x200.jpg 300w, https:\/\/marica.org\/wp-content\/uploads\/2024\/04\/Santiago-22-1024x683.jpg 1024w, https:\/\/marica.org\/wp-content\/uploads\/2024\/04\/Santiago-22-768x512.jpg 768w\" sizes=\"(max-width: 1200px) 100vw, 1200px\" \/>\t\t\t\t\t<\/a>\n\t\t\t\t\t<\/div>\n\n\t\t<div class=\"mkdf-bli-content\" >\n            \n<h5 itemprop=\"name\" class=\"entry-title mkdf-post-title\" >\n            <a itemprop=\"url\" href=\"https:\/\/marica.org\/?p=17335\" title=\"Santiago\">\n            Santiago            <\/a>\n    <\/h5>            <div class=\"mkdf-bli-excerpt\">\n\t\t\t\t\t\t\t\t            <\/div>\n            \t\t<\/div>\n\t<\/div>\n<\/li>\n<li class=\"mkdf-bl-item mkdf-item-space \">\n\t<div class=\"mkdf-bli-inner\">\n\t\t\n\t<div class=\"mkdf-post-image\">\n\t\t\t\t\t<a itemprop=\"url\" href=\"https:\/\/marica.org\/?p=11802\" title=\"Torres del Paine\">\n\t\t\t\t\t<img loading=\"lazy\" decoding=\"async\" width=\"1200\" height=\"800\" src=\"https:\/\/marica.org\/wp-content\/uploads\/2024\/04\/Torres-del-paine-43.jpg\" class=\"attachment-full size-full\" alt=\"\" srcset=\"https:\/\/marica.org\/wp-content\/uploads\/2024\/04\/Torres-del-paine-43.jpg 1200w, https:\/\/marica.org\/wp-content\/uploads\/2024\/04\/Torres-del-paine-43-300x200.jpg 300w, https:\/\/marica.org\/wp-content\/uploads\/2024\/04\/Torres-del-paine-43-1024x683.jpg 1024w, https:\/\/marica.org\/wp-content\/uploads\/2024\/04\/Torres-del-paine-43-768x512.jpg 768w\" sizes=\"(max-width: 1200px) 100vw, 1200px\" \/>\t\t\t\t\t<\/a>\n\t\t\t\t\t<\/div>\n\n\t\t<div class=\"mkdf-bli-content\" >\n            \n<h5 itemprop=\"name\" class=\"entry-title mkdf-post-title\" >\n            <a itemprop=\"url\" href=\"https:\/\/marica.org\/?p=11802\" title=\"Torres del Paine\">\n            Torres del Paine            <\/a>\n    <\/h5>            <div class=\"mkdf-bli-excerpt\">\n\t\t\t\t\t\t\t\t            <\/div>\n            \t\t<\/div>\n\t<\/div>\n<\/li>\n<li class=\"mkdf-bl-item mkdf-item-space \">\n\t<div class=\"mkdf-bli-inner\">\n\t\t\n\t<div class=\"mkdf-post-image\">\n\t\t\t\t\t<a itemprop=\"url\" href=\"https:\/\/marica.org\/?p=7343\" title=\"Valparaiso\">\n\t\t\t\t\t<img loading=\"lazy\" decoding=\"async\" width=\"1200\" height=\"800\" src=\"https:\/\/marica.org\/wp-content\/uploads\/2024\/03\/valparaiso-14.jpg\" class=\"attachment-full size-full\" alt=\"\" srcset=\"https:\/\/marica.org\/wp-content\/uploads\/2024\/03\/valparaiso-14.jpg 1200w, https:\/\/marica.org\/wp-content\/uploads\/2024\/03\/valparaiso-14-300x200.jpg 300w, https:\/\/marica.org\/wp-content\/uploads\/2024\/03\/valparaiso-14-1024x683.jpg 1024w, https:\/\/marica.org\/wp-content\/uploads\/2024\/03\/valparaiso-14-768x512.jpg 768w\" sizes=\"(max-width: 1200px) 100vw, 1200px\" \/>\t\t\t\t\t<\/a>\n\t\t\t\t\t<\/div>\n\n\t\t<div class=\"mkdf-bli-content\" >\n            \n<h5 itemprop=\"name\" class=\"entry-title mkdf-post-title\" >\n            <a itemprop=\"url\" href=\"https:\/\/marica.org\/?p=7343\" title=\"Valparaiso\">\n            Valparaiso            <\/a>\n    <\/h5>            <div class=\"mkdf-bli-excerpt\">\n\t\t\t\t\t\t\t\t            <\/div>\n            \t\t<\/div>\n\t<\/div>\n<\/li>\t\t<\/ul>\n\t<\/div>\n\t<\/div>\t\t\t\t<\/div>\n\t\t\t\t<\/div>\n\t\t\t\t\t<\/div>\n\t\t\t\t<\/div>\n\t\t\t\t<\/div>\n\t\t","protected":false},"excerpt":{"rendered":"<p>Sve \u0161to smo zasigurno znali, nakon sletanja u Punta Arenas, bilo je u kom \u0107emo hostelu spavati tu no\u0107. Krevet sam nam rezervisala ve\u010de pred polazak jer me je mu\u010dila nesanica usled silnog uzbu\u0111enja, pred put. Svi ostali planovi su [&hellip;]<\/p>\n","protected":false},"author":1,"featured_media":0,"comment_status":"open","ping_status":"closed","sticky":false,"template":"","format":"standard","meta":{"footnotes":""},"categories":[7,524,502],"tags":[95,123,322,325,327,336,343,359,371,489,491],"class_list":["post-2340","post","type-post","status-publish","format-standard","hentry","category-chile","category-chile-stories","category-stories","tag-cile","tag-egzoticna-putovanja","tag-ostrva","tag-ostrvo-magdalena","tag-pacifik","tag-patagonija","tag-pingvini","tag-priroda","tag-putovanja","tag-zivotinje","tag-znamenitosti"],"_links":{"self":[{"href":"https:\/\/marica.org\/index.php?rest_route=\/wp\/v2\/posts\/2340","targetHints":{"allow":["GET"]}}],"collection":[{"href":"https:\/\/marica.org\/index.php?rest_route=\/wp\/v2\/posts"}],"about":[{"href":"https:\/\/marica.org\/index.php?rest_route=\/wp\/v2\/types\/post"}],"author":[{"embeddable":true,"href":"https:\/\/marica.org\/index.php?rest_route=\/wp\/v2\/users\/1"}],"replies":[{"embeddable":true,"href":"https:\/\/marica.org\/index.php?rest_route=%2Fwp%2Fv2%2Fcomments&post=2340"}],"version-history":[{"count":4,"href":"https:\/\/marica.org\/index.php?rest_route=\/wp\/v2\/posts\/2340\/revisions"}],"predecessor-version":[{"id":7619,"href":"https:\/\/marica.org\/index.php?rest_route=\/wp\/v2\/posts\/2340\/revisions\/7619"}],"wp:attachment":[{"href":"https:\/\/marica.org\/index.php?rest_route=%2Fwp%2Fv2%2Fmedia&parent=2340"}],"wp:term":[{"taxonomy":"category","embeddable":true,"href":"https:\/\/marica.org\/index.php?rest_route=%2Fwp%2Fv2%2Fcategories&post=2340"},{"taxonomy":"post_tag","embeddable":true,"href":"https:\/\/marica.org\/index.php?rest_route=%2Fwp%2Fv2%2Ftags&post=2340"}],"curies":[{"name":"wp","href":"https:\/\/api.w.org\/{rel}","templated":true}]}}