{"id":28,"date":"2007-05-10T20:21:34","date_gmt":"2007-05-10T19:21:34","guid":{"rendered":"https:\/\/marica.org\/?p=28"},"modified":"2024-04-24T06:42:35","modified_gmt":"2024-04-24T06:42:35","slug":"konji-vrani","status":"publish","type":"post","link":"https:\/\/marica.org\/?p=28","title":{"rendered":"Konji vrani&#8230;"},"content":{"rendered":"\t\t<div data-elementor-type=\"wp-post\" data-elementor-id=\"28\" class=\"elementor elementor-28\">\n\t\t\t\t<div class=\"elementor-element elementor-element-87aecc6 e-flex e-con-boxed e-con e-parent\" data-id=\"87aecc6\" data-element_type=\"container\">\n\t\t\t\t\t<div class=\"e-con-inner\">\n\t\t\t\t<div class=\"elementor-element elementor-element-0389b79 elementor-widget elementor-widget-text-editor\" data-id=\"0389b79\" data-element_type=\"widget\" data-widget_type=\"text-editor.default\">\n\t\t\t\t<div class=\"elementor-widget-container\">\n\t\t\t\t\t\t\t\t\t<p>U Brnu se uvek ne\u0161to de\u0161ava. Te\u0161ko da \u010doveku ovde mo\u017ee biti dosadno. Pro\u0161le nedelje je odr\u017ean Antiglobalisti\u010dki skup \u2013 Protest fest. Gomila pijanih matorih pankera i besposlene, nazovi padavi\u010darske dece. Znate one, panker sam sa krestom, ili sad ih ima i sa dredovima, \u010dudno obu\u010denih i vade super-ultra-fancy fotoaparate, kamere i sl. da slikaju one \u0161to vi\u0161e repuju nego pevaju o nekim idealima. Bljak! Bilo je ba\u0161 isprazno, totalno razo\u010daravaju\u0107e. Ne znam ni \u0161ta sam o\u010dekivala. Naravno na \u010ditav skup smo slu\u010dajno naleteli, \u0161etaju\u0107i po gradu. Bi mi \u017eao, po ko zna koji put, \u0161to sam krenula iz ku\u0107e bez fotoaparata.<\/p><p>I tako ovog vikenda opet krenemo u neku besciljnu \u0161etnju dok nas noge ne izdaju ili ne ogladnimo, kad ono\u2026 naletimo na konje. I \u0161ta bi drugo, krenemo za konjima\u2026 kad ono konjsko takmi\u010denje. Bira se super konj, a super konj je onaj koji mo\u017ee najvi\u0161e da sko\u010di ili najbr\u017ee da presko\u010di sve zadane mu prepreke. Ovog puta sam bila pametnija i ponela fotoaparat pa slede slike nekih mnogo lepih super konja u akciji.<\/p><p>Kao mala sam obo\u017eavala da gledam ovakve stvari na TV-u, i eto ukazala mi se prilika da vidim i u\u017eivo. Mada je u trenutku bilo prili\u010dno mu\u010dno. Jedan od konja se ukopao ispred jedne od barijera, pa ga je d\u017eokej izmlatio. Ne znam za\u0161to skota nisu diskvalifikovali.<\/p>\t\t\t\t\t\t\t\t<\/div>\n\t\t\t\t<\/div>\n\t\t\t\t<div class=\"elementor-element elementor-element-1d4a985 elementor-widget elementor-widget-mkdf_image_gallery\" data-id=\"1d4a985\" data-element_type=\"widget\" data-widget_type=\"mkdf_image_gallery.default\">\n\t\t\t\t<div class=\"elementor-widget-container\">\n\t\t\t\t\t<div class=\"mkdf-image-gallery mkdf-grid-list mkdf-disable-bottom-space  mkdf-ig-grid-type mkdf-two-columns mkdf-micro-space  \">\n\t<div class=\"mkdf-ig-inner mkdf-outer-space\">\n\t\t\t\t\t<div class=\"mkdf-ig-image mkdf-item-space\">\n\t\t\t\t<div class=\"mkdf-ig-image-inner\">\n\t\t\t\t\t\t\t\t\t\t\t<img fetchpriority=\"high\" decoding=\"async\" width=\"1024\" height=\"768\" src=\"https:\/\/marica.org\/wp-content\/uploads\/2007\/05\/brno-konji-2.jpg\" class=\"attachment-full size-full\" alt=\"\" srcset=\"https:\/\/marica.org\/wp-content\/uploads\/2007\/05\/brno-konji-2.jpg 1024w, https:\/\/marica.org\/wp-content\/uploads\/2007\/05\/brno-konji-2-300x225.jpg 300w, https:\/\/marica.org\/wp-content\/uploads\/2007\/05\/brno-konji-2-768x576.jpg 768w\" sizes=\"(max-width: 1024px) 100vw, 1024px\" \/>\t\t\t\t\t\t\t\t\t<\/div>\n\t\t\t<\/div>\n\t\t\t\t\t<div class=\"mkdf-ig-image mkdf-item-space\">\n\t\t\t\t<div class=\"mkdf-ig-image-inner\">\n\t\t\t\t\t\t\t\t\t\t\t<img decoding=\"async\" width=\"1024\" height=\"768\" src=\"https:\/\/marica.org\/wp-content\/uploads\/2007\/05\/brno-konji-3.jpg\" class=\"attachment-full size-full\" alt=\"\" srcset=\"https:\/\/marica.org\/wp-content\/uploads\/2007\/05\/brno-konji-3.jpg 1024w, https:\/\/marica.org\/wp-content\/uploads\/2007\/05\/brno-konji-3-300x225.jpg 300w, https:\/\/marica.org\/wp-content\/uploads\/2007\/05\/brno-konji-3-768x576.jpg 768w\" sizes=\"(max-width: 1024px) 100vw, 1024px\" \/>\t\t\t\t\t\t\t\t\t<\/div>\n\t\t\t<\/div>\n\t\t\t\t\t<div class=\"mkdf-ig-image mkdf-item-space\">\n\t\t\t\t<div class=\"mkdf-ig-image-inner\">\n\t\t\t\t\t\t\t\t\t\t\t<img decoding=\"async\" width=\"1024\" height=\"768\" src=\"https:\/\/marica.org\/wp-content\/uploads\/2007\/05\/brno-konji-4.jpg\" class=\"attachment-full size-full\" alt=\"\" srcset=\"https:\/\/marica.org\/wp-content\/uploads\/2007\/05\/brno-konji-4.jpg 1024w, https:\/\/marica.org\/wp-content\/uploads\/2007\/05\/brno-konji-4-300x225.jpg 300w, https:\/\/marica.org\/wp-content\/uploads\/2007\/05\/brno-konji-4-768x576.jpg 768w\" sizes=\"(max-width: 1024px) 100vw, 1024px\" \/>\t\t\t\t\t\t\t\t\t<\/div>\n\t\t\t<\/div>\n\t\t\t\t\t<div class=\"mkdf-ig-image mkdf-item-space\">\n\t\t\t\t<div class=\"mkdf-ig-image-inner\">\n\t\t\t\t\t\t\t\t\t\t\t<img loading=\"lazy\" decoding=\"async\" width=\"1024\" height=\"768\" src=\"https:\/\/marica.org\/wp-content\/uploads\/2007\/05\/brno-konji-5.jpg\" class=\"attachment-full size-full\" alt=\"\" srcset=\"https:\/\/marica.org\/wp-content\/uploads\/2007\/05\/brno-konji-5.jpg 1024w, https:\/\/marica.org\/wp-content\/uploads\/2007\/05\/brno-konji-5-300x225.jpg 300w, https:\/\/marica.org\/wp-content\/uploads\/2007\/05\/brno-konji-5-768x576.jpg 768w\" sizes=\"(max-width: 1024px) 100vw, 1024px\" \/>\t\t\t\t\t\t\t\t\t<\/div>\n\t\t\t<\/div>\n\t\t\t\t\t<div class=\"mkdf-ig-image mkdf-item-space\">\n\t\t\t\t<div class=\"mkdf-ig-image-inner\">\n\t\t\t\t\t\t\t\t\t\t\t<img loading=\"lazy\" decoding=\"async\" width=\"1024\" height=\"768\" src=\"https:\/\/marica.org\/wp-content\/uploads\/2007\/05\/brno-konji-6.jpg\" class=\"attachment-full size-full\" alt=\"\" srcset=\"https:\/\/marica.org\/wp-content\/uploads\/2007\/05\/brno-konji-6.jpg 1024w, https:\/\/marica.org\/wp-content\/uploads\/2007\/05\/brno-konji-6-300x225.jpg 300w, https:\/\/marica.org\/wp-content\/uploads\/2007\/05\/brno-konji-6-768x576.jpg 768w\" sizes=\"(max-width: 1024px) 100vw, 1024px\" \/>\t\t\t\t\t\t\t\t\t<\/div>\n\t\t\t<\/div>\n\t\t\t\t\t<div class=\"mkdf-ig-image mkdf-item-space\">\n\t\t\t\t<div class=\"mkdf-ig-image-inner\">\n\t\t\t\t\t\t\t\t\t\t\t<img loading=\"lazy\" decoding=\"async\" width=\"1024\" height=\"768\" src=\"https:\/\/marica.org\/wp-content\/uploads\/2007\/05\/brno-konji-1.jpg\" class=\"attachment-full size-full\" alt=\"\" srcset=\"https:\/\/marica.org\/wp-content\/uploads\/2007\/05\/brno-konji-1.jpg 1024w, https:\/\/marica.org\/wp-content\/uploads\/2007\/05\/brno-konji-1-300x225.jpg 300w, https:\/\/marica.org\/wp-content\/uploads\/2007\/05\/brno-konji-1-768x576.jpg 768w\" sizes=\"(max-width: 1024px) 100vw, 1024px\" \/>\t\t\t\t\t\t\t\t\t<\/div>\n\t\t\t<\/div>\n\t\t\t<\/div>\n<\/div>\t\t\t\t<\/div>\n\t\t\t\t<\/div>\n\t\t\t\t<div class=\"elementor-element elementor-element-e2ce1a6 elementor-widget elementor-widget-text-editor\" data-id=\"e2ce1a6\" data-element_type=\"widget\" data-widget_type=\"text-editor.default\">\n\t\t\t\t<div class=\"elementor-widget-container\">\n\t\t\t\t\t\t\t\t\t<p>A za kraj posta jedna, sve samo ne pankerska pesma, sa konjima naravno:<\/p>\t\t\t\t\t\t\t\t<\/div>\n\t\t\t\t<\/div>\n\t\t\t\t<div class=\"elementor-element elementor-element-71861ca elementor-widget elementor-widget-text-editor\" data-id=\"71861ca\" data-element_type=\"widget\" data-widget_type=\"text-editor.default\">\n\t\t\t\t<div class=\"elementor-widget-container\">\n\t\t\t\t\t\t\t\t\t<p>\u010ciji li su ono konji vrani<br \/>Pred birtijom stoje zauzdani<br \/>Moje drago, dobre konje ima<br \/>Ej, da mi se voziti sa njima<br \/>Svi mi vele da ljubim be\u0107ara<br \/>Koji mene sa \u017eenama vara<br \/>Selo moje \u0161to te to zanima<br \/>Kad me moje drago rado ima.<\/p>\t\t\t\t\t\t\t\t<\/div>\n\t\t\t\t<\/div>\n\t\t\t\t\t<\/div>\n\t\t\t\t<\/div>\n\t\t\t\t<\/div>\n\t\t","protected":false},"excerpt":{"rendered":"<p>U Brnu se uvek ne\u0161to de\u0161ava. Te\u0161ko da \u010doveku ovde mo\u017ee biti dosadno. Pro\u0161le nedelje je odr\u017ean Antiglobalisti\u010dki skup \u2013 Protest fest. Gomila pijanih matorih pankera i besposlene, nazovi padavi\u010darske dece. Znate one, panker sam sa krestom, ili sad ih [&hellip;]<\/p>\n","protected":false},"author":1,"featured_media":0,"comment_status":"open","ping_status":"open","sticky":false,"template":"","format":"standard","meta":{"footnotes":""},"categories":[10,560,502],"tags":[],"class_list":["post-28","post","type-post","status-publish","format-standard","hentry","category-czech-republic","category-czech-republic-stories","category-stories"],"_links":{"self":[{"href":"https:\/\/marica.org\/index.php?rest_route=\/wp\/v2\/posts\/28","targetHints":{"allow":["GET"]}}],"collection":[{"href":"https:\/\/marica.org\/index.php?rest_route=\/wp\/v2\/posts"}],"about":[{"href":"https:\/\/marica.org\/index.php?rest_route=\/wp\/v2\/types\/post"}],"author":[{"embeddable":true,"href":"https:\/\/marica.org\/index.php?rest_route=\/wp\/v2\/users\/1"}],"replies":[{"embeddable":true,"href":"https:\/\/marica.org\/index.php?rest_route=%2Fwp%2Fv2%2Fcomments&post=28"}],"version-history":[{"count":4,"href":"https:\/\/marica.org\/index.php?rest_route=\/wp\/v2\/posts\/28\/revisions"}],"predecessor-version":[{"id":15278,"href":"https:\/\/marica.org\/index.php?rest_route=\/wp\/v2\/posts\/28\/revisions\/15278"}],"wp:attachment":[{"href":"https:\/\/marica.org\/index.php?rest_route=%2Fwp%2Fv2%2Fmedia&parent=28"}],"wp:term":[{"taxonomy":"category","embeddable":true,"href":"https:\/\/marica.org\/index.php?rest_route=%2Fwp%2Fv2%2Fcategories&post=28"},{"taxonomy":"post_tag","embeddable":true,"href":"https:\/\/marica.org\/index.php?rest_route=%2Fwp%2Fv2%2Ftags&post=28"}],"curies":[{"name":"wp","href":"https:\/\/api.w.org\/{rel}","templated":true}]}}