{"id":48,"date":"2007-11-11T02:01:31","date_gmt":"2007-11-10T18:01:31","guid":{"rendered":"https:\/\/marica.org\/?p=48"},"modified":"2024-04-23T12:24:29","modified_gmt":"2024-04-23T12:24:29","slug":"nacisti-antifasisti-jevreji-romi-momci-u-plavom-itd","status":"publish","type":"post","link":"https:\/\/marica.org\/?p=48","title":{"rendered":"Nacisti, antifasisti, Jevreji, Romi, momci u plavom itd."},"content":{"rendered":"\t\t<div data-elementor-type=\"wp-post\" data-elementor-id=\"48\" class=\"elementor elementor-48\">\n\t\t\t\t<div class=\"elementor-element elementor-element-fbbbe58 e-flex e-con-boxed e-con e-parent\" data-id=\"fbbbe58\" data-element_type=\"container\">\n\t\t\t\t\t<div class=\"e-con-inner\">\n\t\t\t\t<div class=\"elementor-element elementor-element-72c5507 elementor-widget elementor-widget-text-editor\" data-id=\"72c5507\" data-element_type=\"widget\" data-widget_type=\"text-editor.default\">\n\t\t\t\t<div class=\"elementor-widget-container\">\n\t\t\t\t\t\t\t\t\t<p>Ljudska glupost je neuni\u0161tiva. Da je \u010dovek jadno, bedno i glupo bi\u0107e odavno je i milion puta ve\u0107 dokazano. Nego ja sam ve\u0107 odavno umorna od ispravljanja krivih Drina, i ve\u0107 godinama na neke stvari okre\u0107em glavu. Muka mi je od toga da vodim tu\u0111e bitke i borim se za prava drugih. Ma i \u0161ta me se sve to ti\u010de, nije ovo moja zemlja (a uzgled, ni za nju me nije briga). Ali\u2026 uvek neko prokleto ali, ipak odosmo danas do Praga sa samo jednim ciljem, propratiti i podr\u017eati ono malo \u010ceha \u0161to veruju u ne\u0161to ispravno i imaju snage, volje i hrabrosti da se suprostavljaju ljudskoj gluposti.<\/p>\t\t\t\t\t\t\t\t<\/div>\n\t\t\t\t<\/div>\n\t\t\t\t<div class=\"elementor-element elementor-element-6abc5c7 elementor-widget elementor-widget-mkdf_single_image\" data-id=\"6abc5c7\" data-element_type=\"widget\" data-widget_type=\"mkdf_single_image.default\">\n\t\t\t\t<div class=\"elementor-widget-container\">\n\t\t\t\t\t<div class=\"mkdf-single-image-holder   \">\n    <div class=\"mkdf-si-inner\" >\n                                    <img fetchpriority=\"high\" decoding=\"async\" width=\"1200\" height=\"800\" src=\"https:\/\/marica.org\/wp-content\/uploads\/2007\/11\/antifa-prague-3.jpg\" class=\"attachment-full size-full\" alt=\"\" srcset=\"https:\/\/marica.org\/wp-content\/uploads\/2007\/11\/antifa-prague-3.jpg 1200w, https:\/\/marica.org\/wp-content\/uploads\/2007\/11\/antifa-prague-3-300x200.jpg 300w, https:\/\/marica.org\/wp-content\/uploads\/2007\/11\/antifa-prague-3-1024x683.jpg 1024w, https:\/\/marica.org\/wp-content\/uploads\/2007\/11\/antifa-prague-3-768x512.jpg 768w\" sizes=\"(max-width: 1200px) 100vw, 1200px\" \/>                        <\/div>\n<\/div>\t\t\t\t<\/div>\n\t\t\t\t<\/div>\n\t\t\t\t<div class=\"elementor-element elementor-element-02f38ef elementor-widget elementor-widget-mkdf_single_image\" data-id=\"02f38ef\" data-element_type=\"widget\" data-widget_type=\"mkdf_single_image.default\">\n\t\t\t\t<div class=\"elementor-widget-container\">\n\t\t\t\t\t<div class=\"mkdf-single-image-holder   \">\n    <div class=\"mkdf-si-inner\" >\n                                    <img decoding=\"async\" width=\"1200\" height=\"800\" src=\"https:\/\/marica.org\/wp-content\/uploads\/2007\/11\/antifa-prague-5.jpg\" class=\"attachment-full size-full\" alt=\"\" srcset=\"https:\/\/marica.org\/wp-content\/uploads\/2007\/11\/antifa-prague-5.jpg 1200w, https:\/\/marica.org\/wp-content\/uploads\/2007\/11\/antifa-prague-5-300x200.jpg 300w, https:\/\/marica.org\/wp-content\/uploads\/2007\/11\/antifa-prague-5-1024x683.jpg 1024w, https:\/\/marica.org\/wp-content\/uploads\/2007\/11\/antifa-prague-5-768x512.jpg 768w\" sizes=\"(max-width: 1200px) 100vw, 1200px\" \/>                        <\/div>\n<\/div>\t\t\t\t<\/div>\n\t\t\t\t<\/div>\n\t\t\t\t<div class=\"elementor-element elementor-element-83fa3eb elementor-widget elementor-widget-text-editor\" data-id=\"83fa3eb\" data-element_type=\"widget\" data-widget_type=\"text-editor.default\">\n\t\t\t\t<div class=\"elementor-widget-container\">\n\t\t\t\t\t\t\t\t\t<p>Ja pretpostavljam da su \u010cesi javno osudili nameru nacista da \u201cpro\u0161etaju\u201d danas jevrejskom \u010detvrti u Pragu. Istini na volju, ja nikad nisam \u010dula \u010cehe da imaju negativan stav ili da javno napadaju Jevreje. Ali\u2026 opet to prokleto ali, \u010cesi su javno najgori Romomrsci. Da su kojim slu\u010dajem nacisti najavili istrebljenje Roma, verovatno bi ih ovda\u0161nja javnost podr\u017eala. \u010cak i od nekih meni veoma dragih \u010ceha sam imala prilike da \u010dujem izjave tipa: Romi su ovakvi ili onakvi ili su lopovi ili sve ostale generalizacije u negativnom kontestu. Ono \u0161to mene u celoj stvari nervira je sklonost \u010ceha da ne osu\u0111uju pojedince nego generalizuju ovakve stvari re\u010dima, kako su Romi ovakvi ili onakvi ili kako vlast mora ne\u0161to da \u201curadi\u201d sa Romima, u smislu da ih izoluje na neki na\u010din. Pa cela stvar ima za dalje posledice da ve\u0107ina \u010ceha na isti na\u010din prezire i Indijce i prema njima se ophodi krajnje netolerantno. A sve to iz glupe \u010dovekove nesposobnosti da razmi\u0161lja racionalno i nemogu\u0107nosti da izdvoji pojedinca iz grupe. Iz te nemo\u0107nosti da osudi budalu koja mlati \u017eenu na sred ulice, njima je lak\u0161e da mrze ceo jedan narod, pa samim tim i totalno odvojen drugi narod zato \u0161to ga boja ko\u017ee tog naroda podse\u0107a na spomenutu budalu. Naravno o celom fenomenu niko ne razmi\u0161lja kao o manjku obrazovanja i socijalizacije, nego kao o ne\u010demu bogom danim jer je ne\u010dija ko\u017ea malo tamnija. Tu\u017eno i jadno. Morala sam da se osvrnem na ovaj fenomen netolerantnosti prema Romima i Indijcima u zemlji, u kojoj danas javno osu\u0111uju mr\u017enju prema Jevrejima. Jer, osuditi jedno, a ne sva nasilja mi u najmanju ruku, deluje licemerno.<\/p>\t\t\t\t\t\t\t\t<\/div>\n\t\t\t\t<\/div>\n\t\t\t\t<div class=\"elementor-element elementor-element-53e865e elementor-widget elementor-widget-mkdf_single_image\" data-id=\"53e865e\" data-element_type=\"widget\" data-widget_type=\"mkdf_single_image.default\">\n\t\t\t\t<div class=\"elementor-widget-container\">\n\t\t\t\t\t<div class=\"mkdf-single-image-holder   \">\n    <div class=\"mkdf-si-inner\" >\n                                    <img decoding=\"async\" width=\"1200\" height=\"800\" src=\"https:\/\/marica.org\/wp-content\/uploads\/2007\/11\/antifa-prague-8.jpg\" class=\"attachment-full size-full\" alt=\"\" srcset=\"https:\/\/marica.org\/wp-content\/uploads\/2007\/11\/antifa-prague-8.jpg 1200w, https:\/\/marica.org\/wp-content\/uploads\/2007\/11\/antifa-prague-8-300x200.jpg 300w, https:\/\/marica.org\/wp-content\/uploads\/2007\/11\/antifa-prague-8-1024x683.jpg 1024w, https:\/\/marica.org\/wp-content\/uploads\/2007\/11\/antifa-prague-8-768x512.jpg 768w\" sizes=\"(max-width: 1200px) 100vw, 1200px\" \/>                        <\/div>\n<\/div>\t\t\t\t<\/div>\n\t\t\t\t<\/div>\n\t\t\t\t<div class=\"elementor-element elementor-element-50e3e81 elementor-widget elementor-widget-mkdf_image_gallery\" data-id=\"50e3e81\" data-element_type=\"widget\" data-widget_type=\"mkdf_image_gallery.default\">\n\t\t\t\t<div class=\"elementor-widget-container\">\n\t\t\t\t\t<div class=\"mkdf-image-gallery mkdf-grid-list mkdf-disable-bottom-space  mkdf-ig-grid-type mkdf-two-columns mkdf-tiny-space  \">\n\t<div class=\"mkdf-ig-inner mkdf-outer-space\">\n\t\t\t\t\t<div class=\"mkdf-ig-image mkdf-item-space\">\n\t\t\t\t<div class=\"mkdf-ig-image-inner\">\n\t\t\t\t\t\t\t\t\t\t\t<img loading=\"lazy\" decoding=\"async\" width=\"800\" height=\"1200\" src=\"https:\/\/marica.org\/wp-content\/uploads\/2007\/11\/antifa-prague-17.jpg\" class=\"attachment-full size-full\" alt=\"\" srcset=\"https:\/\/marica.org\/wp-content\/uploads\/2007\/11\/antifa-prague-17.jpg 800w, https:\/\/marica.org\/wp-content\/uploads\/2007\/11\/antifa-prague-17-200x300.jpg 200w, https:\/\/marica.org\/wp-content\/uploads\/2007\/11\/antifa-prague-17-683x1024.jpg 683w, https:\/\/marica.org\/wp-content\/uploads\/2007\/11\/antifa-prague-17-768x1152.jpg 768w\" sizes=\"(max-width: 800px) 100vw, 800px\" \/>\t\t\t\t\t\t\t\t\t<\/div>\n\t\t\t<\/div>\n\t\t\t\t\t<div class=\"mkdf-ig-image mkdf-item-space\">\n\t\t\t\t<div class=\"mkdf-ig-image-inner\">\n\t\t\t\t\t\t\t\t\t\t\t<img loading=\"lazy\" decoding=\"async\" width=\"800\" height=\"1200\" src=\"https:\/\/marica.org\/wp-content\/uploads\/2007\/11\/antifa-prague-20.jpg\" class=\"attachment-full size-full\" alt=\"\" srcset=\"https:\/\/marica.org\/wp-content\/uploads\/2007\/11\/antifa-prague-20.jpg 800w, https:\/\/marica.org\/wp-content\/uploads\/2007\/11\/antifa-prague-20-200x300.jpg 200w, https:\/\/marica.org\/wp-content\/uploads\/2007\/11\/antifa-prague-20-683x1024.jpg 683w, https:\/\/marica.org\/wp-content\/uploads\/2007\/11\/antifa-prague-20-768x1152.jpg 768w\" sizes=\"(max-width: 800px) 100vw, 800px\" \/>\t\t\t\t\t\t\t\t\t<\/div>\n\t\t\t<\/div>\n\t\t\t<\/div>\n<\/div>\t\t\t\t<\/div>\n\t\t\t\t<\/div>\n\t\t\t\t<div class=\"elementor-element elementor-element-dfaf3f4 elementor-widget elementor-widget-text-editor\" data-id=\"dfaf3f4\" data-element_type=\"widget\" data-widget_type=\"text-editor.default\">\n\t\t\t\t<div class=\"elementor-widget-container\">\n\t\t\t\t\t\t\t\t\t<p>Danas je odr\u017ean antinacisti\u010dki skup u Pragu. Okupljanje antifa\u0161ista je nastalo kao reakcija na najave nacista da ce 10. novembra organizovati \u0161etnju jevrejskim kvartom u Pragu u znak protesta ratu u Iraku. Naravno, svakome s imalo mozga bi\u0107e jasno da \u0161etnja nacista na godi\u0161njicu Kristalne no\u0107i po jevrejskoj \u010detvrti nema nikakve veze sa Irakom. Nacisti\u010dki skup je ina\u010de zabranjen zvani\u010dno pre neki dan, a danas je nerede u Pragu spre\u010davalo oko 1500 uniformisanih i neuniformisanih lica. Zvani\u010dno je bilo oko 1000 antifa\u0161ista i oko 500 nacista. Mada se meni \u010dinilo da je i jednih i drugih mnogo manje. Mi smo naravno ceo doga\u0111aj \u201cuveli\u010dali\u201d svojim prisustvom.<\/p>\t\t\t\t\t\t\t\t<\/div>\n\t\t\t\t<\/div>\n\t\t\t\t<div class=\"elementor-element elementor-element-e81a36f elementor-widget elementor-widget-mkdf_single_image\" data-id=\"e81a36f\" data-element_type=\"widget\" data-widget_type=\"mkdf_single_image.default\">\n\t\t\t\t<div class=\"elementor-widget-container\">\n\t\t\t\t\t<div class=\"mkdf-single-image-holder   \">\n    <div class=\"mkdf-si-inner\" >\n                                    <img loading=\"lazy\" decoding=\"async\" width=\"1200\" height=\"800\" src=\"https:\/\/marica.org\/wp-content\/uploads\/2007\/11\/antifa-prague-24.jpg\" class=\"attachment-full size-full\" alt=\"\" srcset=\"https:\/\/marica.org\/wp-content\/uploads\/2007\/11\/antifa-prague-24.jpg 1200w, https:\/\/marica.org\/wp-content\/uploads\/2007\/11\/antifa-prague-24-300x200.jpg 300w, https:\/\/marica.org\/wp-content\/uploads\/2007\/11\/antifa-prague-24-1024x683.jpg 1024w, https:\/\/marica.org\/wp-content\/uploads\/2007\/11\/antifa-prague-24-768x512.jpg 768w\" sizes=\"(max-width: 1200px) 100vw, 1200px\" \/>                        <\/div>\n<\/div>\t\t\t\t<\/div>\n\t\t\t\t<\/div>\n\t\t\t\t<div class=\"elementor-element elementor-element-2b8e102 elementor-widget elementor-widget-mkdf_single_image\" data-id=\"2b8e102\" data-element_type=\"widget\" data-widget_type=\"mkdf_single_image.default\">\n\t\t\t\t<div class=\"elementor-widget-container\">\n\t\t\t\t\t<div class=\"mkdf-single-image-holder   \">\n    <div class=\"mkdf-si-inner\" >\n                                    <img loading=\"lazy\" decoding=\"async\" width=\"1200\" height=\"800\" src=\"https:\/\/marica.org\/wp-content\/uploads\/2007\/11\/antifa-prague-22.jpg\" class=\"attachment-full size-full\" alt=\"\" srcset=\"https:\/\/marica.org\/wp-content\/uploads\/2007\/11\/antifa-prague-22.jpg 1200w, https:\/\/marica.org\/wp-content\/uploads\/2007\/11\/antifa-prague-22-300x200.jpg 300w, https:\/\/marica.org\/wp-content\/uploads\/2007\/11\/antifa-prague-22-1024x683.jpg 1024w, https:\/\/marica.org\/wp-content\/uploads\/2007\/11\/antifa-prague-22-768x512.jpg 768w\" sizes=\"(max-width: 1200px) 100vw, 1200px\" \/>                        <\/div>\n<\/div>\t\t\t\t<\/div>\n\t\t\t\t<\/div>\n\t\t\t\t<div class=\"elementor-element elementor-element-ff8e2a6 elementor-widget elementor-widget-text-editor\" data-id=\"ff8e2a6\" data-element_type=\"widget\" data-widget_type=\"text-editor.default\">\n\t\t\t\t<div class=\"elementor-widget-container\">\n\t\t\t\t\t\t\t\t\t<p>Krenuli smo iz Brna oko 8:30 ispra\u0107eni snegom, i stigli u Prag oko 11 do\u010dekani ki\u0161om i vetrom. Bilo je o\u010dajno hladno. Da mi je manje godina i vi\u0161e entuzijazma verovatno bih se grejala nekom fla\u0161om votke sa svom onom \u201cdecom\u201d koja su se tiskala na Namesti Republike. Ovako sam smarala Miljana da \u0161etamo po obli\u017enjim tr\u017enim centrima. Do 15h smo se uglavnom vrteli u krug po centru Praga, red slikanja antifa\u0161ista i oklopljenih policajaca dok nam prsti ne promrznu, pa red \u0161etnji po molovima, pa opet slikanje, pa onda kafa i ru\u010dak, pa opet slikanje, pa onda u sred misli \u201cmogli bi da skoknemo do galerije ima Dalijeva i Muhina postavka\u201d protutnji pored mene poznati glas. Nije \u0161to je na srpskom. U centru Praga, srpski je vrlo \u010dest jezik, vi\u0161e se i ne osvr\u0107em kada ga \u010dujem, nego mi stvarno poznat glas. Tu se na\u0161 srpski kru\u017eok pro\u0161iri za jo\u0161 dva \u010dlana, taman za svako S sa grba po jedan od nas, i siti se tako zajedno nasmrzavasmo dok nije do\u0161lo vreme za \u0161etnju. Tu naravno, pado\u0161e prise\u0107anja na raznorazne proteste po Srbiji. Setno se prise\u0107asmo godina kada niko ni\u0161ta nije radio, a svi se super provodili na protestima, pretresosmo \u010dak i atomskog mrava i Dragoljubceta\u2026<\/p>\t\t\t\t\t\t\t\t<\/div>\n\t\t\t\t<\/div>\n\t\t\t\t<div class=\"elementor-element elementor-element-39d9bc1 elementor-widget elementor-widget-mkdf_single_image\" data-id=\"39d9bc1\" data-element_type=\"widget\" data-widget_type=\"mkdf_single_image.default\">\n\t\t\t\t<div class=\"elementor-widget-container\">\n\t\t\t\t\t<div class=\"mkdf-single-image-holder   \">\n    <div class=\"mkdf-si-inner\" >\n                                    <img loading=\"lazy\" decoding=\"async\" width=\"1200\" height=\"800\" src=\"https:\/\/marica.org\/wp-content\/uploads\/2007\/11\/antifa-prague-12.jpg\" class=\"attachment-full size-full\" alt=\"\" srcset=\"https:\/\/marica.org\/wp-content\/uploads\/2007\/11\/antifa-prague-12.jpg 1200w, https:\/\/marica.org\/wp-content\/uploads\/2007\/11\/antifa-prague-12-300x200.jpg 300w, https:\/\/marica.org\/wp-content\/uploads\/2007\/11\/antifa-prague-12-1024x683.jpg 1024w, https:\/\/marica.org\/wp-content\/uploads\/2007\/11\/antifa-prague-12-768x512.jpg 768w\" sizes=\"(max-width: 1200px) 100vw, 1200px\" \/>                        <\/div>\n<\/div>\t\t\t\t<\/div>\n\t\t\t\t<\/div>\n\t\t\t\t<div class=\"elementor-element elementor-element-8c233a9 elementor-widget elementor-widget-mkdf_single_image\" data-id=\"8c233a9\" data-element_type=\"widget\" data-widget_type=\"mkdf_single_image.default\">\n\t\t\t\t<div class=\"elementor-widget-container\">\n\t\t\t\t\t<div class=\"mkdf-single-image-holder   \">\n    <div class=\"mkdf-si-inner\" >\n                                    <img loading=\"lazy\" decoding=\"async\" width=\"1200\" height=\"800\" src=\"https:\/\/marica.org\/wp-content\/uploads\/2007\/11\/antifa-prague-14.jpg\" class=\"attachment-full size-full\" alt=\"\" srcset=\"https:\/\/marica.org\/wp-content\/uploads\/2007\/11\/antifa-prague-14.jpg 1200w, https:\/\/marica.org\/wp-content\/uploads\/2007\/11\/antifa-prague-14-300x200.jpg 300w, https:\/\/marica.org\/wp-content\/uploads\/2007\/11\/antifa-prague-14-1024x683.jpg 1024w, https:\/\/marica.org\/wp-content\/uploads\/2007\/11\/antifa-prague-14-768x512.jpg 768w\" sizes=\"(max-width: 1200px) 100vw, 1200px\" \/>                        <\/div>\n<\/div>\t\t\t\t<\/div>\n\t\t\t\t<\/div>\n\t\t\t\t<div class=\"elementor-element elementor-element-61af44b elementor-widget elementor-widget-text-editor\" data-id=\"61af44b\" data-element_type=\"widget\" data-widget_type=\"text-editor.default\">\n\t\t\t\t<div class=\"elementor-widget-container\">\n\t\t\t\t\t\t\t\t\t<p>Antifa\u0161isti su mahom omladina, s prosekom godina ispod 20, pank zakrpama po prete\u017eno crnoj garderobi, maskama na licu (neki su preporuke sa <a href=\"http:\/\/www.blokada.antifa.cz\">www.blokada.antifa.cz<\/a> ba\u0161 ozbiljno shvatili), fla\u0161om alkohola u ruci, ili alternativno d\u017eointom. Ja sam mojom belom jaknom i \u017eutim ki\u0161obranom (koji ima za cilj da imitira Sunce kada je isto zaklonjeno ki\u0161nim oblacima) ba\u0161 odudarala od mase. Mada to poistove\u0107ivanje s masom ne odobravam ni u kakvom slu\u010daju. Jednako mi je ogavan panker sa Sex Pistols, Dead Kennedys ili Ramones zakrpom koliko i \u0107elavi skins u fajerci. No dobro, ovom prilikom su ovi sa zakrpama bili borci za pravu stvar pa smo ih podr\u017eali.<\/p>\t\t\t\t\t\t\t\t<\/div>\n\t\t\t\t<\/div>\n\t\t\t\t<div class=\"elementor-element elementor-element-fc90ec9 elementor-widget elementor-widget-mkdf_single_image\" data-id=\"fc90ec9\" data-element_type=\"widget\" data-widget_type=\"mkdf_single_image.default\">\n\t\t\t\t<div class=\"elementor-widget-container\">\n\t\t\t\t\t<div class=\"mkdf-single-image-holder   \">\n    <div class=\"mkdf-si-inner\" >\n                                    <img loading=\"lazy\" decoding=\"async\" width=\"1200\" height=\"800\" src=\"https:\/\/marica.org\/wp-content\/uploads\/2007\/11\/antifa-prague-23.jpg\" class=\"attachment-full size-full\" alt=\"\" srcset=\"https:\/\/marica.org\/wp-content\/uploads\/2007\/11\/antifa-prague-23.jpg 1200w, https:\/\/marica.org\/wp-content\/uploads\/2007\/11\/antifa-prague-23-300x200.jpg 300w, https:\/\/marica.org\/wp-content\/uploads\/2007\/11\/antifa-prague-23-1024x683.jpg 1024w, https:\/\/marica.org\/wp-content\/uploads\/2007\/11\/antifa-prague-23-768x512.jpg 768w\" sizes=\"(max-width: 1200px) 100vw, 1200px\" \/>                        <\/div>\n<\/div>\t\t\t\t<\/div>\n\t\t\t\t<\/div>\n\t\t\t\t<div class=\"elementor-element elementor-element-c8e8e80 elementor-widget elementor-widget-mkdf_single_image\" data-id=\"c8e8e80\" data-element_type=\"widget\" data-widget_type=\"mkdf_single_image.default\">\n\t\t\t\t<div class=\"elementor-widget-container\">\n\t\t\t\t\t<div class=\"mkdf-single-image-holder   \">\n    <div class=\"mkdf-si-inner\" >\n                                    <img loading=\"lazy\" decoding=\"async\" width=\"1200\" height=\"800\" src=\"https:\/\/marica.org\/wp-content\/uploads\/2007\/11\/antifa-prague-28.jpg\" class=\"attachment-full size-full\" alt=\"\" srcset=\"https:\/\/marica.org\/wp-content\/uploads\/2007\/11\/antifa-prague-28.jpg 1200w, https:\/\/marica.org\/wp-content\/uploads\/2007\/11\/antifa-prague-28-300x200.jpg 300w, https:\/\/marica.org\/wp-content\/uploads\/2007\/11\/antifa-prague-28-1024x683.jpg 1024w, https:\/\/marica.org\/wp-content\/uploads\/2007\/11\/antifa-prague-28-768x512.jpg 768w\" sizes=\"(max-width: 1200px) 100vw, 1200px\" \/>                        <\/div>\n<\/div>\t\t\t\t<\/div>\n\t\t\t\t<\/div>\n\t\t\t\t<div class=\"elementor-element elementor-element-5478e27 elementor-widget elementor-widget-text-editor\" data-id=\"5478e27\" data-element_type=\"widget\" data-widget_type=\"text-editor.default\">\n\t\t\t\t<div class=\"elementor-widget-container\">\n\t\t\t\t\t\t\t\t\t<p>Do\u0161etasmo tako do Hugo Boss-ove radnje (Parizska i Bilkova), sad me mrze svi anarhisti, al\u2019 zaboli me ja kada vidim tu radnju u Pragu znam gde sam, koristim je kao orjentir, levo od HB, ili desno od HB\u2026 gde smo bili odvojeni on nacista kordonom policije pod punom ratnom opremom, sa sve tenkovima. Tu je nastao i prvi incident kada je grupa antifa\u0161ista nasrnula na policijsko vozilo, poznatije u narodu pod mojim imenom ali ja ga iz principa ne koristim, u kojem su bila zatvorena dvojica nacista. Malo posle nemilog doga\u0111aja, izgubismo nadu da \u0107e biti neke konkretnije borbe, te se povukosmo na ve\u010deru. Tu se srpski klan raspade uz moje i Miljanovo obe\u0107anje da \u0107emo se slede\u0107i put javiti kada do\u0111emo, a ne tako naletati jedni na druge po Pragu. Ali zapravo tu nije bio kraj, nego se stvari tek zahukta\u0161e. Rasturene antifa\u0161isticke snage su vijale i mlatile naciste po gradu, a sve ih je opet vijala i mlatila policija. Momci u plavom su svuda ista stoka\u2026 te umesto da pri\u0111u zara\u0107enim stranama, uglavnom golorukim, i razdvoje ih, oni pod punom opremom obaraju decu na asfalt s le\u0111a i mlate ih pendrecima. Pri tome, ovaj deo smo videli svojim o\u010dima, njih trojica sa opremom oko stotinak kila verovatno, mlate klinca od metar i \u017eilet sa ne vi\u0161e od \u0161ezdeset. Zatim je dotr\u010dalo par neutralnih civila uzvikuju\u0107i da su oni svedoci policijske brutalnosti, pa su se nind\u017ea kornja\u010de malo primirile i prestale da mlate goloruku decu. Ove scene \u0107e se verovatno ponavljati ko zna koliko jo\u0161 puta tokom no\u0107i, samo na \u017ealost ne\u0107e sva deca imati svedoke da ih brane.<\/p>\t\t\t\t\t\t\t\t<\/div>\n\t\t\t\t<\/div>\n\t\t\t\t<div class=\"elementor-element elementor-element-0a9d4e0 elementor-widget elementor-widget-mkdf_single_image\" data-id=\"0a9d4e0\" data-element_type=\"widget\" data-widget_type=\"mkdf_single_image.default\">\n\t\t\t\t<div class=\"elementor-widget-container\">\n\t\t\t\t\t<div class=\"mkdf-single-image-holder   \">\n    <div class=\"mkdf-si-inner\" >\n                                    <img loading=\"lazy\" decoding=\"async\" width=\"1200\" height=\"800\" src=\"https:\/\/marica.org\/wp-content\/uploads\/2007\/11\/antifa-prague-36.jpg\" class=\"attachment-full size-full\" alt=\"\" srcset=\"https:\/\/marica.org\/wp-content\/uploads\/2007\/11\/antifa-prague-36.jpg 1200w, https:\/\/marica.org\/wp-content\/uploads\/2007\/11\/antifa-prague-36-300x200.jpg 300w, https:\/\/marica.org\/wp-content\/uploads\/2007\/11\/antifa-prague-36-1024x683.jpg 1024w, https:\/\/marica.org\/wp-content\/uploads\/2007\/11\/antifa-prague-36-768x512.jpg 768w\" sizes=\"(max-width: 1200px) 100vw, 1200px\" \/>                        <\/div>\n<\/div>\t\t\t\t<\/div>\n\t\t\t\t<\/div>\n\t\t\t\t<div class=\"elementor-element elementor-element-980fc30 elementor-widget elementor-widget-mkdf_single_image\" data-id=\"980fc30\" data-element_type=\"widget\" data-widget_type=\"mkdf_single_image.default\">\n\t\t\t\t<div class=\"elementor-widget-container\">\n\t\t\t\t\t<div class=\"mkdf-single-image-holder   \">\n    <div class=\"mkdf-si-inner\" >\n                                    <img loading=\"lazy\" decoding=\"async\" width=\"1200\" height=\"800\" src=\"https:\/\/marica.org\/wp-content\/uploads\/2007\/11\/antifa-prague-37.jpg\" class=\"attachment-full size-full\" alt=\"\" srcset=\"https:\/\/marica.org\/wp-content\/uploads\/2007\/11\/antifa-prague-37.jpg 1200w, https:\/\/marica.org\/wp-content\/uploads\/2007\/11\/antifa-prague-37-300x200.jpg 300w, https:\/\/marica.org\/wp-content\/uploads\/2007\/11\/antifa-prague-37-1024x683.jpg 1024w, https:\/\/marica.org\/wp-content\/uploads\/2007\/11\/antifa-prague-37-768x512.jpg 768w\" sizes=\"(max-width: 1200px) 100vw, 1200px\" \/>                        <\/div>\n<\/div>\t\t\t\t<\/div>\n\t\t\t\t<\/div>\n\t\t\t\t<div class=\"elementor-element elementor-element-0f46a26 elementor-widget elementor-widget-text-editor\" data-id=\"0f46a26\" data-element_type=\"widget\" data-widget_type=\"text-editor.default\">\n\t\t\t\t<div class=\"elementor-widget-container\">\n\t\t\t\t\t\t\t\t\t<p>Sve ovo je ve\u0107 previ\u0161e mu\u010dno za mene koja ne verujem u to da je batina iz raja iza\u0161la. Pitam se samo posle svega u \u0161ta \u0107e ta mla\u0107ena deca da izrastu? I kakve li se misli roje po glavama onih koji mrze nekoga zbog nacionalne pripadnosti, boje ko\u017ee ili na\u010dina \u017eivota? Kako li nas to roditelji vaspitavaju kada izrastamo u takve du\u0161mane i kukavice?<\/p><p>Himna skupa: <a href=\"https:\/\/marica.org\/music\/sin_dios-alerta_antifascista.mp3\">Sin Dios \u2013 Alerta Antifascista<\/a><\/p>\t\t\t\t\t\t\t\t<\/div>\n\t\t\t\t<\/div>\n\t\t\t\t\t<\/div>\n\t\t\t\t<\/div>\n\t\t\t\t<\/div>\n\t\t","protected":false},"excerpt":{"rendered":"<p>Ljudska glupost je neuni\u0161tiva. Da je \u010dovek jadno, bedno i glupo bi\u0107e odavno je i milion puta ve\u0107 dokazano. Nego ja sam ve\u0107 odavno umorna od ispravljanja krivih Drina, i ve\u0107 godinama na neke stvari okre\u0107em glavu. Muka mi je [&hellip;]<\/p>\n","protected":false},"author":1,"featured_media":0,"comment_status":"open","ping_status":"open","sticky":false,"template":"","format":"standard","meta":{"footnotes":""},"categories":[10,560,502],"tags":[37,43,81,92,191,243,258,350,361],"class_list":["post-48","post","type-post","status-publish","format-standard","hentry","category-czech-republic","category-czech-republic-stories","category-stories","tag-aktivizam","tag-antifasizam","tag-brno","tag-ceska","tag-istorija","tag-kratke-price","tag-licno","tag-politika","tag-protest"],"_links":{"self":[{"href":"https:\/\/marica.org\/index.php?rest_route=\/wp\/v2\/posts\/48","targetHints":{"allow":["GET"]}}],"collection":[{"href":"https:\/\/marica.org\/index.php?rest_route=\/wp\/v2\/posts"}],"about":[{"href":"https:\/\/marica.org\/index.php?rest_route=\/wp\/v2\/types\/post"}],"author":[{"embeddable":true,"href":"https:\/\/marica.org\/index.php?rest_route=\/wp\/v2\/users\/1"}],"replies":[{"embeddable":true,"href":"https:\/\/marica.org\/index.php?rest_route=%2Fwp%2Fv2%2Fcomments&post=48"}],"version-history":[{"count":4,"href":"https:\/\/marica.org\/index.php?rest_route=\/wp\/v2\/posts\/48\/revisions"}],"predecessor-version":[{"id":15046,"href":"https:\/\/marica.org\/index.php?rest_route=\/wp\/v2\/posts\/48\/revisions\/15046"}],"wp:attachment":[{"href":"https:\/\/marica.org\/index.php?rest_route=%2Fwp%2Fv2%2Fmedia&parent=48"}],"wp:term":[{"taxonomy":"category","embeddable":true,"href":"https:\/\/marica.org\/index.php?rest_route=%2Fwp%2Fv2%2Fcategories&post=48"},{"taxonomy":"post_tag","embeddable":true,"href":"https:\/\/marica.org\/index.php?rest_route=%2Fwp%2Fv2%2Ftags&post=48"}],"curies":[{"name":"wp","href":"https:\/\/api.w.org\/{rel}","templated":true}]}}