{"id":489,"date":"2011-07-06T21:40:32","date_gmt":"2011-07-06T13:40:32","guid":{"rendered":"https:\/\/marica.org\/?p=489"},"modified":"2024-04-18T03:16:54","modified_gmt":"2024-04-18T03:16:54","slug":"keks","status":"publish","type":"post","link":"https:\/\/marica.org\/?p=489","title":{"rendered":"Keks"},"content":{"rendered":"\t\t<div data-elementor-type=\"wp-post\" data-elementor-id=\"489\" class=\"elementor elementor-489\">\n\t\t\t\t<div class=\"elementor-element elementor-element-4c2b8a8b e-flex e-con-boxed e-con e-parent\" data-id=\"4c2b8a8b\" data-element_type=\"container\">\n\t\t\t\t\t<div class=\"e-con-inner\">\n\t\t\t\t<div class=\"elementor-element elementor-element-ca4f2b6 elementor-widget elementor-widget-text-editor\" data-id=\"ca4f2b6\" data-element_type=\"widget\" data-widget_type=\"text-editor.default\">\n\t\t\t\t<div class=\"elementor-widget-container\">\n\t\t\t\t\t\t\t\t\t<p>Svratismo danas posle posla u restoran na ve\u010deru. Tj. kako ko, dragi na ve\u010deru, a ja na kafu. I tako opsednuta obimom struka, sedim gladna, jer \u017eene sa mojim metabolizmom i godinama liniju odr\u017eavaju gladovanjem. Dobro, ve\u0107ina \u017eena u mojim godinama ve\u0107 odavno i ne mari kako izgleda. A ruku na srce posle decenije gladovanja, ni ja vi\u0161e ne ose\u0107am glad.<\/p><p>No, vratimo se temi.<\/p><p>Sedim ja tako i \u010ditam od \u010dega je sazdan keksi\u0107 koji su mi doneli uz kafu. I imam \u0161ta da vidim. Keks se na nema\u010dkom ka\u017ee keks, a tako se i pi\u0161e. I nemam pojma \u0161to sam se toliko odu\u0161evila oko tog otkri\u0107a. Ali eto, odu\u0161evih se.<br \/>A onda me spopade muka. Mno\u017eina od keks na nema\u010dkom je kekse, a kako je na srpskom? Keksi, keksovi ili ne\u0161to tre\u0107e?<\/p><p>I eto, gotov post dok si rek&#8217;o keks.<\/p>\t\t\t\t\t\t\t\t<\/div>\n\t\t\t\t<\/div>\n\t\t\t\t\t<\/div>\n\t\t\t\t<\/div>\n\t\t\t\t<\/div>\n\t\t","protected":false},"excerpt":{"rendered":"<p>Svratismo danas posle posla u restoran na ve\u010deru. Tj. kako ko, dragi na ve\u010deru, a ja na kafu. I tako opsednuta obimom struka, sedim gladna, jer \u017eene sa mojim metabolizmom i godinama liniju odr\u017eavaju gladovanjem. Dobro, ve\u0107ina \u017eena u mojim [&hellip;]<\/p>\n","protected":false},"author":1,"featured_media":0,"comment_status":"open","ping_status":"closed","sticky":false,"template":"","format":"standard","meta":{"footnotes":""},"categories":[16,536,25,554,502],"tags":[142,206,222,258,306,488],"class_list":["post-489","post","type-post","status-publish","format-standard","hentry","category-germany","category-germany-stories","category-serbia","category-serbia-stories","category-stories","tag-frankfurt","tag-jezik","tag-keks","tag-licno","tag-nemacka","tag-zivot"],"_links":{"self":[{"href":"https:\/\/marica.org\/index.php?rest_route=\/wp\/v2\/posts\/489","targetHints":{"allow":["GET"]}}],"collection":[{"href":"https:\/\/marica.org\/index.php?rest_route=\/wp\/v2\/posts"}],"about":[{"href":"https:\/\/marica.org\/index.php?rest_route=\/wp\/v2\/types\/post"}],"author":[{"embeddable":true,"href":"https:\/\/marica.org\/index.php?rest_route=\/wp\/v2\/users\/1"}],"replies":[{"embeddable":true,"href":"https:\/\/marica.org\/index.php?rest_route=%2Fwp%2Fv2%2Fcomments&post=489"}],"version-history":[{"count":4,"href":"https:\/\/marica.org\/index.php?rest_route=\/wp\/v2\/posts\/489\/revisions"}],"predecessor-version":[{"id":13375,"href":"https:\/\/marica.org\/index.php?rest_route=\/wp\/v2\/posts\/489\/revisions\/13375"}],"wp:attachment":[{"href":"https:\/\/marica.org\/index.php?rest_route=%2Fwp%2Fv2%2Fmedia&parent=489"}],"wp:term":[{"taxonomy":"category","embeddable":true,"href":"https:\/\/marica.org\/index.php?rest_route=%2Fwp%2Fv2%2Fcategories&post=489"},{"taxonomy":"post_tag","embeddable":true,"href":"https:\/\/marica.org\/index.php?rest_route=%2Fwp%2Fv2%2Ftags&post=489"}],"curies":[{"name":"wp","href":"https:\/\/api.w.org\/{rel}","templated":true}]}}