{"id":66,"date":"2008-05-14T22:33:53","date_gmt":"2008-05-14T14:33:53","guid":{"rendered":"https:\/\/marica.org\/?p=66"},"modified":"2024-04-22T08:23:12","modified_gmt":"2024-04-22T08:23:12","slug":"eze","status":"publish","type":"post","link":"https:\/\/marica.org\/?p=66","title":{"rendered":"Eze"},"content":{"rendered":"\t\t<div data-elementor-type=\"wp-post\" data-elementor-id=\"66\" class=\"elementor elementor-66\">\n\t\t\t\t<div class=\"elementor-element elementor-element-75cb05c e-flex e-con-boxed e-con e-parent\" data-id=\"75cb05c\" data-element_type=\"container\">\n\t\t\t\t\t<div class=\"e-con-inner\">\n\t\t\t\t<div class=\"elementor-element elementor-element-4d15303 elementor-widget elementor-widget-text-editor\" data-id=\"4d15303\" data-element_type=\"widget\" data-widget_type=\"text-editor.default\">\n\t\t\t\t<div class=\"elementor-widget-container\">\n\t\t\t\t\t\t\t\t\t<p>To jutro je spadalo u ona izuzetno lenja, kada iz kreveta radije ne bih ustajala. Posle osrednjeg provoda s Miljanovim kolegom i njegovom pratiljom, zbog koje je izlazak i bio osrednji ako ne i gori od toga, i lo\u0161eg sna zbog prepunog stomaka, jedva sam smogla snage da krenem na put.<\/p>\t\t\t\t\t\t\t\t<\/div>\n\t\t\t\t<\/div>\n\t\t\t\t<div class=\"elementor-element elementor-element-13e45b3 elementor-widget elementor-widget-mkdf_single_image\" data-id=\"13e45b3\" data-element_type=\"widget\" data-widget_type=\"mkdf_single_image.default\">\n\t\t\t\t<div class=\"elementor-widget-container\">\n\t\t\t\t\t<div class=\"mkdf-single-image-holder   \">\n    <div class=\"mkdf-si-inner\" >\n                                    <img fetchpriority=\"high\" decoding=\"async\" width=\"1200\" height=\"800\" src=\"https:\/\/marica.org\/wp-content\/uploads\/2024\/04\/eze-25.jpg\" class=\"attachment-full size-full\" alt=\"\" srcset=\"https:\/\/marica.org\/wp-content\/uploads\/2024\/04\/eze-25.jpg 1200w, https:\/\/marica.org\/wp-content\/uploads\/2024\/04\/eze-25-300x200.jpg 300w, https:\/\/marica.org\/wp-content\/uploads\/2024\/04\/eze-25-1024x683.jpg 1024w, https:\/\/marica.org\/wp-content\/uploads\/2024\/04\/eze-25-768x512.jpg 768w\" sizes=\"(max-width: 1200px) 100vw, 1200px\" \/>                        <\/div>\n<\/div>\t\t\t\t<\/div>\n\t\t\t\t<\/div>\n\t\t\t\t<div class=\"elementor-element elementor-element-4d744a4 elementor-widget elementor-widget-mkdf_single_image\" data-id=\"4d744a4\" data-element_type=\"widget\" data-widget_type=\"mkdf_single_image.default\">\n\t\t\t\t<div class=\"elementor-widget-container\">\n\t\t\t\t\t<div class=\"mkdf-single-image-holder   \">\n    <div class=\"mkdf-si-inner\" >\n                                    <img decoding=\"async\" width=\"1200\" height=\"800\" src=\"https:\/\/marica.org\/wp-content\/uploads\/2024\/04\/eze-42.jpg\" class=\"attachment-full size-full\" alt=\"\" srcset=\"https:\/\/marica.org\/wp-content\/uploads\/2024\/04\/eze-42.jpg 1200w, https:\/\/marica.org\/wp-content\/uploads\/2024\/04\/eze-42-300x200.jpg 300w, https:\/\/marica.org\/wp-content\/uploads\/2024\/04\/eze-42-1024x683.jpg 1024w, https:\/\/marica.org\/wp-content\/uploads\/2024\/04\/eze-42-768x512.jpg 768w\" sizes=\"(max-width: 1200px) 100vw, 1200px\" \/>                        <\/div>\n<\/div>\t\t\t\t<\/div>\n\t\t\t\t<\/div>\n\t\t\t\t<div class=\"elementor-element elementor-element-be3bf1b elementor-widget elementor-widget-text-editor\" data-id=\"be3bf1b\" data-element_type=\"widget\" data-widget_type=\"text-editor.default\">\n\t\t\t\t<div class=\"elementor-widget-container\">\n\t\t\t\t\t\t\t\t\t<p>Po ustaljenom obi\u010daju autobus je kasnio nekih dvadeset minuta a onda polako krenuo ka obli\u017enjem brdu na kojem se nalazi ovo bajkovito seoce. S mukom sam sebe zadr\u017eala na sedi\u0161tu. Skoro svaka stanica je pored vidikovca kao stvorenog za slikanje. Negde oko deset smo kona\u010dno stigli. Do\u010dekala me je stara kamena tvr\u0111ava; na moje iznena\u0111enje pusta. \u010citav grad sme\u0161ten me\u0111u srednjevekovnim zidinama. Krenuh polako uz stepenice da obilazim ovo staro zdanje. Prolazi i staze su bile izuzetno uske, du\u017e njih su se stiskale male radnje sa suvenirima inspirisanim mahom morskim motivima. Sa strana, staze su bile bogato ukra\u0161ene cve\u0107em, na pojedinim mestima i pretrpane saksijama. Svaki okov na vratima i prozorima je bio pravo umetni\u010dko delo. Na vrhu kamenog grada nalazi se ba\u0161ta sa izlo\u017eenim kaktusima i izlo\u017ebom statua lokalnog umetnika. Kako se tvr\u0111ava nalazi na vrhu brda, iz ba\u0161te se pru\u017ea neverovatan pogled na morsku obalu.<\/p>\t\t\t\t\t\t\t\t<\/div>\n\t\t\t\t<\/div>\n\t\t\t\t<div class=\"elementor-element elementor-element-c988ef6 elementor-widget elementor-widget-mkdf_image_gallery\" data-id=\"c988ef6\" data-element_type=\"widget\" data-widget_type=\"mkdf_image_gallery.default\">\n\t\t\t\t<div class=\"elementor-widget-container\">\n\t\t\t\t\t<div class=\"mkdf-image-gallery mkdf-grid-list mkdf-disable-bottom-space  mkdf-ig-grid-type mkdf-two-columns mkdf-tiny-space  \">\n\t<div class=\"mkdf-ig-inner mkdf-outer-space\">\n\t\t\t\t\t<div class=\"mkdf-ig-image mkdf-item-space\">\n\t\t\t\t<div class=\"mkdf-ig-image-inner\">\n\t\t\t\t\t\t\t\t\t\t\t<img decoding=\"async\" src=\"https:\/\/marica.org\/wp-content\/uploads\/2024\/04\/eze-1-500x750.jpg\" alt=\"\" width=\"500\" height=\"750\" \/>\t\t\t\t\t\t\t\t\t<\/div>\n\t\t\t<\/div>\n\t\t\t\t\t<div class=\"mkdf-ig-image mkdf-item-space\">\n\t\t\t\t<div class=\"mkdf-ig-image-inner\">\n\t\t\t\t\t\t\t\t\t\t\t<img loading=\"lazy\" decoding=\"async\" src=\"https:\/\/marica.org\/wp-content\/uploads\/2024\/04\/eze-4-500x750.jpg\" alt=\"\" width=\"500\" height=\"750\" \/>\t\t\t\t\t\t\t\t\t<\/div>\n\t\t\t<\/div>\n\t\t\t<\/div>\n<\/div>\t\t\t\t<\/div>\n\t\t\t\t<\/div>\n\t\t\t\t<div class=\"elementor-element elementor-element-86367b1 elementor-widget elementor-widget-text-editor\" data-id=\"86367b1\" data-element_type=\"widget\" data-widget_type=\"text-editor.default\">\n\t\t\t\t<div class=\"elementor-widget-container\">\n\t\t\t\t\t\t\t\t\t<p>Ceo taj kameni grad je minijaturan i mogu\u0107e ga je detaljno obi\u0107i sa sve ulascima u suvenirnice za otprilike dva sata. Po napu\u0161tanju zamka, odlu\u010dila sam da se vratim pe\u0161ke ka Nici nadaju\u0107i se da \u0107u uspeti da na\u0111em stazu kojom se Ni\u010de \u0161etao svojevremeno dok je boravio u ovom kraju i pisao Tako je govorio Zaratustra. Stazu na\u0161la nisam, a Ni\u010dea sam nekoliko puta spominjala sve sa onom re\u010di na j.<\/p>\t\t\t\t\t\t\t\t<\/div>\n\t\t\t\t<\/div>\n\t\t\t\t<div class=\"elementor-element elementor-element-ace5a14 elementor-widget elementor-widget-mkdf_image_gallery\" data-id=\"ace5a14\" data-element_type=\"widget\" data-widget_type=\"mkdf_image_gallery.default\">\n\t\t\t\t<div class=\"elementor-widget-container\">\n\t\t\t\t\t<div class=\"mkdf-image-gallery mkdf-grid-list mkdf-disable-bottom-space  mkdf-ig-grid-type mkdf-two-columns mkdf-tiny-space  \">\n\t<div class=\"mkdf-ig-inner mkdf-outer-space\">\n\t\t\t\t\t<div class=\"mkdf-ig-image mkdf-item-space\">\n\t\t\t\t<div class=\"mkdf-ig-image-inner\">\n\t\t\t\t\t\t\t\t\t\t\t<img loading=\"lazy\" decoding=\"async\" width=\"800\" height=\"1200\" src=\"https:\/\/marica.org\/wp-content\/uploads\/2024\/04\/eze-16.jpg\" class=\"attachment-full size-full\" alt=\"\" srcset=\"https:\/\/marica.org\/wp-content\/uploads\/2024\/04\/eze-16.jpg 800w, https:\/\/marica.org\/wp-content\/uploads\/2024\/04\/eze-16-200x300.jpg 200w, https:\/\/marica.org\/wp-content\/uploads\/2024\/04\/eze-16-683x1024.jpg 683w, https:\/\/marica.org\/wp-content\/uploads\/2024\/04\/eze-16-768x1152.jpg 768w\" sizes=\"(max-width: 800px) 100vw, 800px\" \/>\t\t\t\t\t\t\t\t\t<\/div>\n\t\t\t<\/div>\n\t\t\t\t\t<div class=\"mkdf-ig-image mkdf-item-space\">\n\t\t\t\t<div class=\"mkdf-ig-image-inner\">\n\t\t\t\t\t\t\t\t\t\t\t<img loading=\"lazy\" decoding=\"async\" width=\"800\" height=\"1200\" src=\"https:\/\/marica.org\/wp-content\/uploads\/2024\/04\/eze-28.jpg\" class=\"attachment-full size-full\" alt=\"\" srcset=\"https:\/\/marica.org\/wp-content\/uploads\/2024\/04\/eze-28.jpg 800w, https:\/\/marica.org\/wp-content\/uploads\/2024\/04\/eze-28-200x300.jpg 200w, https:\/\/marica.org\/wp-content\/uploads\/2024\/04\/eze-28-683x1024.jpg 683w, https:\/\/marica.org\/wp-content\/uploads\/2024\/04\/eze-28-768x1152.jpg 768w\" sizes=\"(max-width: 800px) 100vw, 800px\" \/>\t\t\t\t\t\t\t\t\t<\/div>\n\t\t\t<\/div>\n\t\t\t<\/div>\n<\/div>\t\t\t\t<\/div>\n\t\t\t\t<\/div>\n\t\t\t\t<div class=\"elementor-element elementor-element-b0cd963 elementor-widget elementor-widget-text-editor\" data-id=\"b0cd963\" data-element_type=\"widget\" data-widget_type=\"text-editor.default\">\n\t\t\t\t<div class=\"elementor-widget-container\">\n\t\t\t\t\t\t\t\t\t<p>Elem, jedna dama ne treba po Nici i oko Nice da \u0161eta sama. To sam zapravo utvrdila jo\u0161 dan ranije \u0161etaju\u0107i promenadom ka Kanu. Taj dan gotovo da nije bilo \u201cosamljenog\u201d mu\u0161kog prolaznika koji nije na\u0161ao razlog da mi \u201cdobaci\u201d ne\u0161to, a to mo\u017ee biti jako neprijatno ako ne razumete jezik i niste navikli da vam ljudi tek tako \u201cdobacuju\u201d. Pomislim ja, taj dan vra\u0107aju\u0107i se iz Ezea, ovde sam jedini pe\u0161ak \u2013 \u0161to zna\u010di bi\u0107u mirna. Ali nije pro\u0161lo ba\u0161 tako bezbolno, jer su ovog puta svi motociklisti i kamiond\u017eije odlu\u010dile da mi \u201csvirnu\u201d po ne\u0161to. Koliko iritantno svirkanje toliko i tunel na koji sam naletela, natera\u0161e me da se uputim nekim sporednim putem. Na po\u010detku mi se \u010dinilo da sam na slepom putu koji \u0107e me verovatno dovesti samo do ulaza u privatne u\u0161u\u0161kane vile. Na sre\u0107u, nakon nekih sto metara sam naletela na putokaz koji je ozna\u010davao pe\u0161a\u010dku stazu ka jednom seocetu na obali. Pomislim u trenutku, kako bi bilo sjajno prese\u0107i put kroz prirodu, do obale.<\/p>\t\t\t\t\t\t\t\t<\/div>\n\t\t\t\t<\/div>\n\t\t\t\t<div class=\"elementor-element elementor-element-8f2c558 elementor-widget elementor-widget-mkdf_single_image\" data-id=\"8f2c558\" data-element_type=\"widget\" data-widget_type=\"mkdf_single_image.default\">\n\t\t\t\t<div class=\"elementor-widget-container\">\n\t\t\t\t\t<div class=\"mkdf-single-image-holder   \">\n    <div class=\"mkdf-si-inner\" >\n                                    <img loading=\"lazy\" decoding=\"async\" width=\"1200\" height=\"800\" src=\"https:\/\/marica.org\/wp-content\/uploads\/2024\/04\/eze-21.jpg\" class=\"attachment-full size-full\" alt=\"\" srcset=\"https:\/\/marica.org\/wp-content\/uploads\/2024\/04\/eze-21.jpg 1200w, https:\/\/marica.org\/wp-content\/uploads\/2024\/04\/eze-21-300x200.jpg 300w, https:\/\/marica.org\/wp-content\/uploads\/2024\/04\/eze-21-1024x683.jpg 1024w, https:\/\/marica.org\/wp-content\/uploads\/2024\/04\/eze-21-768x512.jpg 768w\" sizes=\"(max-width: 1200px) 100vw, 1200px\" \/>                        <\/div>\n<\/div>\t\t\t\t<\/div>\n\t\t\t\t<\/div>\n\t\t\t\t<div class=\"elementor-element elementor-element-2ed2b17 elementor-widget elementor-widget-mkdf_single_image\" data-id=\"2ed2b17\" data-element_type=\"widget\" data-widget_type=\"mkdf_single_image.default\">\n\t\t\t\t<div class=\"elementor-widget-container\">\n\t\t\t\t\t<div class=\"mkdf-single-image-holder   \">\n    <div class=\"mkdf-si-inner\" >\n                                    <img loading=\"lazy\" decoding=\"async\" width=\"1200\" height=\"800\" src=\"https:\/\/marica.org\/wp-content\/uploads\/2024\/04\/eze-13.jpg\" class=\"attachment-full size-full\" alt=\"\" srcset=\"https:\/\/marica.org\/wp-content\/uploads\/2024\/04\/eze-13.jpg 1200w, https:\/\/marica.org\/wp-content\/uploads\/2024\/04\/eze-13-300x200.jpg 300w, https:\/\/marica.org\/wp-content\/uploads\/2024\/04\/eze-13-1024x683.jpg 1024w, https:\/\/marica.org\/wp-content\/uploads\/2024\/04\/eze-13-768x512.jpg 768w\" sizes=\"(max-width: 1200px) 100vw, 1200px\" \/>                        <\/div>\n<\/div>\t\t\t\t<\/div>\n\t\t\t\t<\/div>\n\t\t\t\t<div class=\"elementor-element elementor-element-5c65bb6 elementor-widget elementor-widget-text-editor\" data-id=\"5c65bb6\" data-element_type=\"widget\" data-widget_type=\"text-editor.default\">\n\t\t\t\t<div class=\"elementor-widget-container\">\n\t\t\t\t\t\t\t\t\t<p>Me\u0111utim, \u010dim sam stupila na stazu oblio me je hladan znoj\u2026 Ispred mene strme, klizave stepenice koje se o\u0161tro spu\u0161taju niz golu, kamenu liticu, a ja sama u klizavim ko\u017enim japankama, s ogromnim nezgrapnim suvenirom u jednoj ruci sa torbicom preba\u010denom preko ramena iste te ruke, fotoaparata u drugoj ruci sa torbom za aparat i propratnu mu opremu preba\u010denu preko grudi\u2026 hm. Po glavi su mi se rojile misli: Ajde Marice, u\u017eivaj, avantura, vidi kakav pogled, ne nema manijaka u okolnim \u017ebunji\u0107ima i sli\u010dna sranja. No, d\u017eabe\u2026 \u017emarci su me podilazili. Zastadoh da razmislim koliko je pametno spu\u0161tati se tako sam, pa \u0161ta ako se skrkam dole tako kilava kakva sam sva\u2026 A zatim, samo na sekund proleti mi misao: Zamisli da ovaj prizor bude poslednja slika koju \u0107e\u0161 videti u \u017eivotu! I od te sulude misli, obuzeme me kona\u010dno spokoj, potpuno opu\u0161tena po\u010dela sam da u\u017eivam u svakom koraku zastaju\u0107i na momente da bih mogla da u\u017eivam u toj osamljenosti i miru, kao da sam potpuno sama ostala na svetu. Ubrzo je i staza postala pitomija, zelenilo je zamenilo malopre\u0111a\u0161nje kamene litice, te i moj korak postade opu\u0161teniji i du\u017ei. I dok sam se lenjo protezala du\u017e staze, razmi\u0161ljaju\u0107i kako se ona malopre\u0111a\u0161nja brdska koza tako lako opet pretvori u lenjog ba\u0161tenskog pu\u017ea, ispred nogu mi promili zmija! Ajme te naprasne panike opet: Da li tamo ima otrovnica ili ne?, Mog tatu je ujela otrovnica, da li je ta privla\u010dnost otrovnica nasledna? a onda prakti\u010dno luda\u010dkim trkom stigoh do puta. Eh, sre\u0107i mojoj nije bilo kraja kada sam se dokopala asfalta, od\u0161etala do stanice i kona\u010dno stigla u hotel.<\/p>\t\t\t\t\t\t\t\t<\/div>\n\t\t\t\t<\/div>\n\t\t\t\t<div class=\"elementor-element elementor-element-45cc437 elementor-widget elementor-widget-mkdf_image_gallery\" data-id=\"45cc437\" data-element_type=\"widget\" data-widget_type=\"mkdf_image_gallery.default\">\n\t\t\t\t<div class=\"elementor-widget-container\">\n\t\t\t\t\t<div class=\"mkdf-image-gallery mkdf-grid-list mkdf-disable-bottom-space  mkdf-ig-grid-type mkdf-two-columns mkdf-tiny-space  \">\n\t<div class=\"mkdf-ig-inner mkdf-outer-space\">\n\t\t\t\t\t<div class=\"mkdf-ig-image mkdf-item-space\">\n\t\t\t\t<div class=\"mkdf-ig-image-inner\">\n\t\t\t\t\t\t\t\t\t\t\t<img loading=\"lazy\" decoding=\"async\" width=\"800\" height=\"1200\" src=\"https:\/\/marica.org\/wp-content\/uploads\/2024\/04\/eze-12.jpg\" class=\"attachment-full size-full\" alt=\"\" srcset=\"https:\/\/marica.org\/wp-content\/uploads\/2024\/04\/eze-12.jpg 800w, https:\/\/marica.org\/wp-content\/uploads\/2024\/04\/eze-12-200x300.jpg 200w, https:\/\/marica.org\/wp-content\/uploads\/2024\/04\/eze-12-683x1024.jpg 683w, https:\/\/marica.org\/wp-content\/uploads\/2024\/04\/eze-12-768x1152.jpg 768w\" sizes=\"(max-width: 800px) 100vw, 800px\" \/>\t\t\t\t\t\t\t\t\t<\/div>\n\t\t\t<\/div>\n\t\t\t\t\t<div class=\"mkdf-ig-image mkdf-item-space\">\n\t\t\t\t<div class=\"mkdf-ig-image-inner\">\n\t\t\t\t\t\t\t\t\t\t\t<img loading=\"lazy\" decoding=\"async\" width=\"800\" height=\"1200\" src=\"https:\/\/marica.org\/wp-content\/uploads\/2024\/04\/eze-30.jpg\" class=\"attachment-full size-full\" alt=\"\" srcset=\"https:\/\/marica.org\/wp-content\/uploads\/2024\/04\/eze-30.jpg 800w, https:\/\/marica.org\/wp-content\/uploads\/2024\/04\/eze-30-200x300.jpg 200w, https:\/\/marica.org\/wp-content\/uploads\/2024\/04\/eze-30-683x1024.jpg 683w, https:\/\/marica.org\/wp-content\/uploads\/2024\/04\/eze-30-768x1152.jpg 768w\" sizes=\"(max-width: 800px) 100vw, 800px\" \/>\t\t\t\t\t\t\t\t\t<\/div>\n\t\t\t<\/div>\n\t\t\t<\/div>\n<\/div>\t\t\t\t<\/div>\n\t\t\t\t<\/div>\n\t\t\t\t<div class=\"elementor-element elementor-element-cc1197f elementor-widget elementor-widget-text-editor\" data-id=\"cc1197f\" data-element_type=\"widget\" data-widget_type=\"text-editor.default\">\n\t\t\t\t<div class=\"elementor-widget-container\">\n\t\t\t\t\t\t\t\t\t<p>Opasne avanture i sulude pe\u0161a\u010dke ture od sada izvodim isklju\u010divo u paru. Mada, moram priznati da mi nije bilo lo\u0161e, bar je silan strah svario preterani ru\u010dak i stvorio mesta u stomaku za jo\u0161 jednu preteranu ve\u010deru u Havana restoranu, o kojoj bih mogla ispisati jo\u0161 jedan ceo post, ali ne\u0107u \ud83d\ude09<\/p>\t\t\t\t\t\t\t\t<\/div>\n\t\t\t\t<\/div>\n\t\t\t\t<div class=\"elementor-element elementor-element-865f3e0 elementor-widget elementor-widget-text-editor\" data-id=\"865f3e0\" data-element_type=\"widget\" data-widget_type=\"text-editor.default\">\n\t\t\t\t<div class=\"elementor-widget-container\">\n\t\t\t\t\t\t\t\t\t<p>Vi\u0161e slika mo\u017eete na\u0107i u mojoj galeriji:<\/p>\t\t\t\t\t\t\t\t<\/div>\n\t\t\t\t<\/div>\n\t\t\t\t<div class=\"elementor-element elementor-element-78596dd elementor-widget elementor-widget-mkdf_blog_list\" data-id=\"78596dd\" data-element_type=\"widget\" data-widget_type=\"mkdf_blog_list.default\">\n\t\t\t\t<div class=\"elementor-widget-container\">\n\t\t\t\t\t<div class=\"mkdf-blog-list-holder mkdf-grid-list mkdf-disable-bottom-space mkdf-bl-custom mkdf-five-columns mkdf-micro-space mkdf-bl-pag-no-pagination  \"  data-type=custom data-number-of-posts=-1 data-number-of-columns=five data-space-between-items=micro data-category=FrancePhotos data-orderby=title data-order=ASC data-image-size=full data-title-tag=h5 data-excerpt-length=40 data-post-info-image=yes data-post-info-author=no data-post-info-date=no data-post-info-category=no data-post-info-comments=no data-post-info-like=no data-post-info-share=no data-pagination-type=no-pagination data-post-info-destination=no data-content-align=center-alignment data-post-info-read-more=no data-max-num-pages=0 data-next-page=2>\n\t<div class=\"mkdf-bl-wrapper mkdf-outer-space\">\n\t\t<ul class=\"mkdf-blog-list\">\n\t\t\t\n<li class=\"mkdf-bl-item mkdf-item-space \">\n\t<div class=\"mkdf-bli-inner\">\n\t\t\n\t<div class=\"mkdf-post-image\">\n\t\t\t\t\t<a itemprop=\"url\" href=\"https:\/\/marica.org\/?p=14532\" title=\"Caen\">\n\t\t\t\t\t<img loading=\"lazy\" decoding=\"async\" width=\"1200\" height=\"800\" src=\"https:\/\/marica.org\/wp-content\/uploads\/2024\/04\/caen-21.jpg\" class=\"attachment-full size-full\" alt=\"\" srcset=\"https:\/\/marica.org\/wp-content\/uploads\/2024\/04\/caen-21.jpg 1200w, https:\/\/marica.org\/wp-content\/uploads\/2024\/04\/caen-21-300x200.jpg 300w, https:\/\/marica.org\/wp-content\/uploads\/2024\/04\/caen-21-1024x683.jpg 1024w, https:\/\/marica.org\/wp-content\/uploads\/2024\/04\/caen-21-768x512.jpg 768w\" sizes=\"(max-width: 1200px) 100vw, 1200px\" \/>\t\t\t\t\t<\/a>\n\t\t\t\t\t<\/div>\n\n\t\t<div class=\"mkdf-bli-content\" >\n            \n<h5 itemprop=\"name\" class=\"entry-title mkdf-post-title\" >\n            <a itemprop=\"url\" href=\"https:\/\/marica.org\/?p=14532\" title=\"Caen\">\n            Caen            <\/a>\n    <\/h5>            <div class=\"mkdf-bli-excerpt\">\n\t\t\t\t\t\t\t\t            <\/div>\n            \t\t<\/div>\n\t<\/div>\n<\/li>\n<li class=\"mkdf-bl-item mkdf-item-space \">\n\t<div class=\"mkdf-bli-inner\">\n\t\t\n\t<div class=\"mkdf-post-image\">\n\t\t\t\t\t<a itemprop=\"url\" href=\"https:\/\/marica.org\/?p=14559\" title=\"Etretat\">\n\t\t\t\t\t<img loading=\"lazy\" decoding=\"async\" width=\"1200\" height=\"800\" src=\"https:\/\/marica.org\/wp-content\/uploads\/2024\/04\/Etretat-9.jpg\" class=\"attachment-full size-full\" alt=\"\" srcset=\"https:\/\/marica.org\/wp-content\/uploads\/2024\/04\/Etretat-9.jpg 1200w, https:\/\/marica.org\/wp-content\/uploads\/2024\/04\/Etretat-9-300x200.jpg 300w, https:\/\/marica.org\/wp-content\/uploads\/2024\/04\/Etretat-9-1024x683.jpg 1024w, https:\/\/marica.org\/wp-content\/uploads\/2024\/04\/Etretat-9-768x512.jpg 768w\" sizes=\"(max-width: 1200px) 100vw, 1200px\" \/>\t\t\t\t\t<\/a>\n\t\t\t\t\t<\/div>\n\n\t\t<div class=\"mkdf-bli-content\" >\n            \n<h5 itemprop=\"name\" class=\"entry-title mkdf-post-title\" >\n            <a itemprop=\"url\" href=\"https:\/\/marica.org\/?p=14559\" title=\"Etretat\">\n            Etretat            <\/a>\n    <\/h5>            <div class=\"mkdf-bli-excerpt\">\n\t\t\t\t\t\t\t\t            <\/div>\n            \t\t<\/div>\n\t<\/div>\n<\/li>\n<li class=\"mkdf-bl-item mkdf-item-space \">\n\t<div class=\"mkdf-bli-inner\">\n\t\t\n\t<div class=\"mkdf-post-image\">\n\t\t\t\t\t<a itemprop=\"url\" href=\"https:\/\/marica.org\/?p=14312\" title=\"Eze\">\n\t\t\t\t\t<img loading=\"lazy\" decoding=\"async\" width=\"1200\" height=\"800\" src=\"https:\/\/marica.org\/wp-content\/uploads\/2024\/04\/eze-20.jpg\" class=\"attachment-full size-full\" alt=\"\" srcset=\"https:\/\/marica.org\/wp-content\/uploads\/2024\/04\/eze-20.jpg 1200w, https:\/\/marica.org\/wp-content\/uploads\/2024\/04\/eze-20-300x200.jpg 300w, https:\/\/marica.org\/wp-content\/uploads\/2024\/04\/eze-20-1024x683.jpg 1024w, https:\/\/marica.org\/wp-content\/uploads\/2024\/04\/eze-20-768x512.jpg 768w\" sizes=\"(max-width: 1200px) 100vw, 1200px\" \/>\t\t\t\t\t<\/a>\n\t\t\t\t\t<\/div>\n\n\t\t<div class=\"mkdf-bli-content\" >\n            \n<h5 itemprop=\"name\" class=\"entry-title mkdf-post-title\" >\n            <a itemprop=\"url\" href=\"https:\/\/marica.org\/?p=14312\" title=\"Eze\">\n            Eze            <\/a>\n    <\/h5>            <div class=\"mkdf-bli-excerpt\">\n\t\t\t\t\t\t\t\t            <\/div>\n            \t\t<\/div>\n\t<\/div>\n<\/li>\n<li class=\"mkdf-bl-item mkdf-item-space \">\n\t<div class=\"mkdf-bli-inner\">\n\t\t\n\t<div class=\"mkdf-post-image\">\n\t\t\t\t\t<a itemprop=\"url\" href=\"https:\/\/marica.org\/?p=14599\" title=\"Le Havre\">\n\t\t\t\t\t<img loading=\"lazy\" decoding=\"async\" width=\"1200\" height=\"800\" src=\"https:\/\/marica.org\/wp-content\/uploads\/2024\/04\/Le-havre-33.jpg\" class=\"attachment-full size-full\" alt=\"\" srcset=\"https:\/\/marica.org\/wp-content\/uploads\/2024\/04\/Le-havre-33.jpg 1200w, https:\/\/marica.org\/wp-content\/uploads\/2024\/04\/Le-havre-33-300x200.jpg 300w, https:\/\/marica.org\/wp-content\/uploads\/2024\/04\/Le-havre-33-1024x683.jpg 1024w, https:\/\/marica.org\/wp-content\/uploads\/2024\/04\/Le-havre-33-768x512.jpg 768w\" sizes=\"(max-width: 1200px) 100vw, 1200px\" \/>\t\t\t\t\t<\/a>\n\t\t\t\t\t<\/div>\n\n\t\t<div class=\"mkdf-bli-content\" >\n            \n<h5 itemprop=\"name\" class=\"entry-title mkdf-post-title\" >\n            <a itemprop=\"url\" href=\"https:\/\/marica.org\/?p=14599\" title=\"Le Havre\">\n            Le Havre            <\/a>\n    <\/h5>            <div class=\"mkdf-bli-excerpt\">\n\t\t\t\t\t\t\t\t            <\/div>\n            \t\t<\/div>\n\t<\/div>\n<\/li>\n<li class=\"mkdf-bl-item mkdf-item-space \">\n\t<div class=\"mkdf-bli-inner\">\n\t\t\n\t<div class=\"mkdf-post-image\">\n\t\t\t\t\t<a itemprop=\"url\" href=\"https:\/\/marica.org\/?p=13742\" title=\"Metz\">\n\t\t\t\t\t<img loading=\"lazy\" decoding=\"async\" width=\"1200\" height=\"800\" src=\"https:\/\/marica.org\/wp-content\/uploads\/2024\/04\/metz-28.jpg\" class=\"attachment-full size-full\" alt=\"\" srcset=\"https:\/\/marica.org\/wp-content\/uploads\/2024\/04\/metz-28.jpg 1200w, https:\/\/marica.org\/wp-content\/uploads\/2024\/04\/metz-28-300x200.jpg 300w, https:\/\/marica.org\/wp-content\/uploads\/2024\/04\/metz-28-1024x683.jpg 1024w, https:\/\/marica.org\/wp-content\/uploads\/2024\/04\/metz-28-768x512.jpg 768w\" sizes=\"(max-width: 1200px) 100vw, 1200px\" \/>\t\t\t\t\t<\/a>\n\t\t\t\t\t<\/div>\n\n\t\t<div class=\"mkdf-bli-content\" >\n            \n<h5 itemprop=\"name\" class=\"entry-title mkdf-post-title\" >\n            <a itemprop=\"url\" href=\"https:\/\/marica.org\/?p=13742\" title=\"Metz\">\n            Metz            <\/a>\n    <\/h5>            <div class=\"mkdf-bli-excerpt\">\n\t\t\t\t\t\t\t\t            <\/div>\n            \t\t<\/div>\n\t<\/div>\n<\/li>\n<li class=\"mkdf-bl-item mkdf-item-space \">\n\t<div class=\"mkdf-bli-inner\">\n\t\t\n\t<div class=\"mkdf-post-image\">\n\t\t\t\t\t<a itemprop=\"url\" href=\"https:\/\/marica.org\/?p=14645\" title=\"Mt Saint Michel\">\n\t\t\t\t\t<img loading=\"lazy\" decoding=\"async\" width=\"1200\" height=\"800\" src=\"https:\/\/marica.org\/wp-content\/uploads\/2024\/04\/Mt-saint-michel-31.jpg\" class=\"attachment-full size-full\" alt=\"\" srcset=\"https:\/\/marica.org\/wp-content\/uploads\/2024\/04\/Mt-saint-michel-31.jpg 1200w, https:\/\/marica.org\/wp-content\/uploads\/2024\/04\/Mt-saint-michel-31-300x200.jpg 300w, https:\/\/marica.org\/wp-content\/uploads\/2024\/04\/Mt-saint-michel-31-1024x683.jpg 1024w, https:\/\/marica.org\/wp-content\/uploads\/2024\/04\/Mt-saint-michel-31-768x512.jpg 768w\" sizes=\"(max-width: 1200px) 100vw, 1200px\" \/>\t\t\t\t\t<\/a>\n\t\t\t\t\t<\/div>\n\n\t\t<div class=\"mkdf-bli-content\" >\n            \n<h5 itemprop=\"name\" class=\"entry-title mkdf-post-title\" >\n            <a itemprop=\"url\" href=\"https:\/\/marica.org\/?p=14645\" title=\"Mt Saint Michel\">\n            Mt Saint Michel            <\/a>\n    <\/h5>            <div class=\"mkdf-bli-excerpt\">\n\t\t\t\t\t\t\t\t            <\/div>\n            \t\t<\/div>\n\t<\/div>\n<\/li>\n<li class=\"mkdf-bl-item mkdf-item-space \">\n\t<div class=\"mkdf-bli-inner\">\n\t\t\n\t<div class=\"mkdf-post-image\">\n\t\t\t\t\t<a itemprop=\"url\" href=\"https:\/\/marica.org\/?p=13713\" title=\"Nancy\">\n\t\t\t\t\t<img loading=\"lazy\" decoding=\"async\" width=\"1200\" height=\"800\" src=\"https:\/\/marica.org\/wp-content\/uploads\/2024\/04\/nancy-2.jpg\" class=\"attachment-full size-full\" alt=\"\" srcset=\"https:\/\/marica.org\/wp-content\/uploads\/2024\/04\/nancy-2.jpg 1200w, https:\/\/marica.org\/wp-content\/uploads\/2024\/04\/nancy-2-300x200.jpg 300w, https:\/\/marica.org\/wp-content\/uploads\/2024\/04\/nancy-2-1024x683.jpg 1024w, https:\/\/marica.org\/wp-content\/uploads\/2024\/04\/nancy-2-768x512.jpg 768w\" sizes=\"(max-width: 1200px) 100vw, 1200px\" \/>\t\t\t\t\t<\/a>\n\t\t\t\t\t<\/div>\n\n\t\t<div class=\"mkdf-bli-content\" >\n            \n<h5 itemprop=\"name\" class=\"entry-title mkdf-post-title\" >\n            <a itemprop=\"url\" href=\"https:\/\/marica.org\/?p=13713\" title=\"Nancy\">\n            Nancy            <\/a>\n    <\/h5>            <div class=\"mkdf-bli-excerpt\">\n\t\t\t\t\t\t\t\t            <\/div>\n            \t\t<\/div>\n\t<\/div>\n<\/li>\n<li class=\"mkdf-bl-item mkdf-item-space \">\n\t<div class=\"mkdf-bli-inner\">\n\t\t\n\t<div class=\"mkdf-post-image\">\n\t\t\t\t\t<a itemprop=\"url\" href=\"https:\/\/marica.org\/?p=14454\" title=\"Nice\">\n\t\t\t\t\t<img loading=\"lazy\" decoding=\"async\" width=\"1200\" height=\"800\" src=\"https:\/\/marica.org\/wp-content\/uploads\/2024\/04\/nice-32.jpg\" class=\"attachment-full size-full\" alt=\"\" srcset=\"https:\/\/marica.org\/wp-content\/uploads\/2024\/04\/nice-32.jpg 1200w, https:\/\/marica.org\/wp-content\/uploads\/2024\/04\/nice-32-300x200.jpg 300w, https:\/\/marica.org\/wp-content\/uploads\/2024\/04\/nice-32-1024x683.jpg 1024w, https:\/\/marica.org\/wp-content\/uploads\/2024\/04\/nice-32-768x512.jpg 768w\" sizes=\"(max-width: 1200px) 100vw, 1200px\" \/>\t\t\t\t\t<\/a>\n\t\t\t\t\t<\/div>\n\n\t\t<div class=\"mkdf-bli-content\" >\n            \n<h5 itemprop=\"name\" class=\"entry-title mkdf-post-title\" >\n            <a itemprop=\"url\" href=\"https:\/\/marica.org\/?p=14454\" title=\"Nice\">\n            Nice            <\/a>\n    <\/h5>            <div class=\"mkdf-bli-excerpt\">\n\t\t\t\t\t\t\t\t            <\/div>\n            \t\t<\/div>\n\t<\/div>\n<\/li>\n<li class=\"mkdf-bl-item mkdf-item-space \">\n\t<div class=\"mkdf-bli-inner\">\n\t\t\n\t<div class=\"mkdf-post-image\">\n\t\t\t\t\t<a itemprop=\"url\" href=\"https:\/\/marica.org\/?p=14378\" title=\"Nice Monaco\">\n\t\t\t\t\t<img loading=\"lazy\" decoding=\"async\" width=\"1200\" height=\"800\" src=\"https:\/\/marica.org\/wp-content\/uploads\/2024\/04\/nice-monaco-9.jpg\" class=\"attachment-full size-full\" alt=\"\" srcset=\"https:\/\/marica.org\/wp-content\/uploads\/2024\/04\/nice-monaco-9.jpg 1200w, https:\/\/marica.org\/wp-content\/uploads\/2024\/04\/nice-monaco-9-300x200.jpg 300w, https:\/\/marica.org\/wp-content\/uploads\/2024\/04\/nice-monaco-9-1024x683.jpg 1024w, https:\/\/marica.org\/wp-content\/uploads\/2024\/04\/nice-monaco-9-768x512.jpg 768w\" sizes=\"(max-width: 1200px) 100vw, 1200px\" \/>\t\t\t\t\t<\/a>\n\t\t\t\t\t<\/div>\n\n\t\t<div class=\"mkdf-bli-content\" >\n            \n<h5 itemprop=\"name\" class=\"entry-title mkdf-post-title\" >\n            <a itemprop=\"url\" href=\"https:\/\/marica.org\/?p=14378\" title=\"Nice Monaco\">\n            Nice Monaco            <\/a>\n    <\/h5>            <div class=\"mkdf-bli-excerpt\">\n\t\t\t\t\t\t\t\t            <\/div>\n            \t\t<\/div>\n\t<\/div>\n<\/li>\n<li class=\"mkdf-bl-item mkdf-item-space \">\n\t<div class=\"mkdf-bli-inner\">\n\t\t\n\t<div class=\"mkdf-post-image\">\n\t\t\t\t\t<a itemprop=\"url\" href=\"https:\/\/marica.org\/?p=14769\" title=\"Paris\">\n\t\t\t\t\t<img loading=\"lazy\" decoding=\"async\" width=\"1200\" height=\"800\" src=\"https:\/\/marica.org\/wp-content\/uploads\/2024\/04\/paris-22.jpg\" class=\"attachment-full size-full\" alt=\"\" srcset=\"https:\/\/marica.org\/wp-content\/uploads\/2024\/04\/paris-22.jpg 1200w, https:\/\/marica.org\/wp-content\/uploads\/2024\/04\/paris-22-300x200.jpg 300w, https:\/\/marica.org\/wp-content\/uploads\/2024\/04\/paris-22-1024x683.jpg 1024w, https:\/\/marica.org\/wp-content\/uploads\/2024\/04\/paris-22-768x512.jpg 768w\" sizes=\"(max-width: 1200px) 100vw, 1200px\" \/>\t\t\t\t\t<\/a>\n\t\t\t\t\t<\/div>\n\n\t\t<div class=\"mkdf-bli-content\" >\n            \n<h5 itemprop=\"name\" class=\"entry-title mkdf-post-title\" >\n            <a itemprop=\"url\" href=\"https:\/\/marica.org\/?p=14769\" title=\"Paris\">\n            Paris            <\/a>\n    <\/h5>            <div class=\"mkdf-bli-excerpt\">\n\t\t\t\t\t\t\t\t            <\/div>\n            \t\t<\/div>\n\t<\/div>\n<\/li>\n<li class=\"mkdf-bl-item mkdf-item-space \">\n\t<div class=\"mkdf-bli-inner\">\n\t\t\n\t<div class=\"mkdf-post-image\">\n\t\t\t\t\t<a itemprop=\"url\" href=\"https:\/\/marica.org\/?p=14682\" title=\"Rouen\">\n\t\t\t\t\t<img loading=\"lazy\" decoding=\"async\" width=\"1200\" height=\"800\" src=\"https:\/\/marica.org\/wp-content\/uploads\/2024\/04\/Rouen-32.jpg\" class=\"attachment-full size-full\" alt=\"\" srcset=\"https:\/\/marica.org\/wp-content\/uploads\/2024\/04\/Rouen-32.jpg 1200w, https:\/\/marica.org\/wp-content\/uploads\/2024\/04\/Rouen-32-300x200.jpg 300w, https:\/\/marica.org\/wp-content\/uploads\/2024\/04\/Rouen-32-1024x683.jpg 1024w, https:\/\/marica.org\/wp-content\/uploads\/2024\/04\/Rouen-32-768x512.jpg 768w\" sizes=\"(max-width: 1200px) 100vw, 1200px\" \/>\t\t\t\t\t<\/a>\n\t\t\t\t\t<\/div>\n\n\t\t<div class=\"mkdf-bli-content\" >\n            \n<h5 itemprop=\"name\" class=\"entry-title mkdf-post-title\" >\n            <a itemprop=\"url\" href=\"https:\/\/marica.org\/?p=14682\" title=\"Rouen\">\n            Rouen            <\/a>\n    <\/h5>            <div class=\"mkdf-bli-excerpt\">\n\t\t\t\t\t\t\t\t            <\/div>\n            \t\t<\/div>\n\t<\/div>\n<\/li>\n<li class=\"mkdf-bl-item mkdf-item-space \">\n\t<div class=\"mkdf-bli-inner\">\n\t\t\n\t<div class=\"mkdf-post-image\">\n\t\t\t\t\t<a itemprop=\"url\" href=\"https:\/\/marica.org\/?p=14728\" title=\"St Malo\">\n\t\t\t\t\t<img loading=\"lazy\" decoding=\"async\" width=\"1200\" height=\"800\" src=\"https:\/\/marica.org\/wp-content\/uploads\/2024\/04\/St-malo-10.jpg\" class=\"attachment-full size-full\" alt=\"\" srcset=\"https:\/\/marica.org\/wp-content\/uploads\/2024\/04\/St-malo-10.jpg 1200w, https:\/\/marica.org\/wp-content\/uploads\/2024\/04\/St-malo-10-300x200.jpg 300w, https:\/\/marica.org\/wp-content\/uploads\/2024\/04\/St-malo-10-1024x683.jpg 1024w, https:\/\/marica.org\/wp-content\/uploads\/2024\/04\/St-malo-10-768x512.jpg 768w\" sizes=\"(max-width: 1200px) 100vw, 1200px\" \/>\t\t\t\t\t<\/a>\n\t\t\t\t\t<\/div>\n\n\t\t<div class=\"mkdf-bli-content\" >\n            \n<h5 itemprop=\"name\" class=\"entry-title mkdf-post-title\" >\n            <a itemprop=\"url\" href=\"https:\/\/marica.org\/?p=14728\" title=\"St Malo\">\n            St Malo            <\/a>\n    <\/h5>            <div class=\"mkdf-bli-excerpt\">\n\t\t\t\t\t\t\t\t            <\/div>\n            \t\t<\/div>\n\t<\/div>\n<\/li>\n<li class=\"mkdf-bl-item mkdf-item-space \">\n\t<div class=\"mkdf-bli-inner\">\n\t\t\n\t<div class=\"mkdf-post-image\">\n\t\t\t\t\t<a itemprop=\"url\" href=\"https:\/\/marica.org\/?p=13794\" title=\"Strasbourg\">\n\t\t\t\t\t<img loading=\"lazy\" decoding=\"async\" width=\"1200\" height=\"800\" src=\"https:\/\/marica.org\/wp-content\/uploads\/2024\/04\/strasbourg-10.jpg\" class=\"attachment-full size-full\" alt=\"\" srcset=\"https:\/\/marica.org\/wp-content\/uploads\/2024\/04\/strasbourg-10.jpg 1200w, https:\/\/marica.org\/wp-content\/uploads\/2024\/04\/strasbourg-10-300x200.jpg 300w, https:\/\/marica.org\/wp-content\/uploads\/2024\/04\/strasbourg-10-1024x683.jpg 1024w, https:\/\/marica.org\/wp-content\/uploads\/2024\/04\/strasbourg-10-768x512.jpg 768w\" sizes=\"(max-width: 1200px) 100vw, 1200px\" \/>\t\t\t\t\t<\/a>\n\t\t\t\t\t<\/div>\n\n\t\t<div class=\"mkdf-bli-content\" >\n            \n<h5 itemprop=\"name\" class=\"entry-title mkdf-post-title\" >\n            <a itemprop=\"url\" href=\"https:\/\/marica.org\/?p=13794\" title=\"Strasbourg\">\n            Strasbourg            <\/a>\n    <\/h5>            <div class=\"mkdf-bli-excerpt\">\n\t\t\t\t\t\t\t\t            <\/div>\n            \t\t<\/div>\n\t<\/div>\n<\/li>\t\t<\/ul>\n\t<\/div>\n\t<\/div>\t\t\t\t<\/div>\n\t\t\t\t<\/div>\n\t\t\t\t\t<\/div>\n\t\t\t\t<\/div>\n\t\t\t\t<\/div>\n\t\t","protected":false},"excerpt":{"rendered":"<p>To jutro je spadalo u ona izuzetno lenja, kada iz kreveta radije ne bih ustajala. Posle osrednjeg provoda s Miljanovim kolegom i njegovom pratiljom, zbog koje je izlazak i bio osrednji ako ne i gori od toga, i lo\u0161eg sna [&hellip;]<\/p>\n","protected":false},"author":1,"featured_media":0,"comment_status":"open","ping_status":"open","sticky":false,"template":"","format":"standard","meta":{"footnotes":""},"categories":[15,558,502],"tags":[48,109,130,141,253,290,309,371,390,480,482],"class_list":["post-66","post","type-post","status-publish","format-standard","hentry","category-france","category-france-stories","category-stories","tag-atrakcije","tag-dnevni-izlet","tag-eze","tag-francuska","tag-leto","tag-more","tag-nica","tag-putovanja","tag-samostalna-putovanja","tag-zamak","tag-zanimljivosti"],"_links":{"self":[{"href":"https:\/\/marica.org\/index.php?rest_route=\/wp\/v2\/posts\/66","targetHints":{"allow":["GET"]}}],"collection":[{"href":"https:\/\/marica.org\/index.php?rest_route=\/wp\/v2\/posts"}],"about":[{"href":"https:\/\/marica.org\/index.php?rest_route=\/wp\/v2\/types\/post"}],"author":[{"embeddable":true,"href":"https:\/\/marica.org\/index.php?rest_route=\/wp\/v2\/users\/1"}],"replies":[{"embeddable":true,"href":"https:\/\/marica.org\/index.php?rest_route=%2Fwp%2Fv2%2Fcomments&post=66"}],"version-history":[{"count":4,"href":"https:\/\/marica.org\/index.php?rest_route=\/wp\/v2\/posts\/66\/revisions"}],"predecessor-version":[{"id":14363,"href":"https:\/\/marica.org\/index.php?rest_route=\/wp\/v2\/posts\/66\/revisions\/14363"}],"wp:attachment":[{"href":"https:\/\/marica.org\/index.php?rest_route=%2Fwp%2Fv2%2Fmedia&parent=66"}],"wp:term":[{"taxonomy":"category","embeddable":true,"href":"https:\/\/marica.org\/index.php?rest_route=%2Fwp%2Fv2%2Fcategories&post=66"},{"taxonomy":"post_tag","embeddable":true,"href":"https:\/\/marica.org\/index.php?rest_route=%2Fwp%2Fv2%2Ftags&post=66"}],"curies":[{"name":"wp","href":"https:\/\/api.w.org\/{rel}","templated":true}]}}