{"id":801,"date":"2013-03-02T20:50:16","date_gmt":"2013-03-02T12:50:16","guid":{"rendered":"https:\/\/marica.org\/?p=801"},"modified":"2024-04-10T13:40:55","modified_gmt":"2024-04-10T13:40:55","slug":"zaliv-lapataja-bahia-lapataia","status":"publish","type":"post","link":"https:\/\/marica.org\/?p=801","title":{"rendered":"Zaliv Lapataja (Bah\u00eda Lapataia)"},"content":{"rendered":"\t\t<div data-elementor-type=\"wp-post\" data-elementor-id=\"801\" class=\"elementor elementor-801\">\n\t\t\t\t<div class=\"elementor-element elementor-element-3ec1302 e-flex e-con-boxed e-con e-parent\" data-id=\"3ec1302\" data-element_type=\"container\">\n\t\t\t\t\t<div class=\"e-con-inner\">\n\t\t\t\t<div class=\"elementor-element elementor-element-9bce277 elementor-widget elementor-widget-text-editor\" data-id=\"9bce277\" data-element_type=\"widget\" data-widget_type=\"text-editor.default\">\n\t\t\t\t<div class=\"elementor-widget-container\">\n\t\t\t\t\t\t\t\t\t<p>Poslednji dan na\u0161eg boravka u U\u0161uaji odlu\u010dili smo da kona\u010dno skoknemo do nacionalnog parka Ognjena zemlja. Uhvatili smo lokalni autobus oko 10h i nakon 12km truckanja stigli do ulaza u nacionalni park. Kao u ve\u0107ini nacionalnih parkova u Patagoniju na ulazu u park se pla\u0107a karta. Ulaznica za parkove nije ba\u0161 mala i sam prevoz do, od i po parku dosta ko\u0161ta. Cena karte i prevoza je oko 185 argentinskih pezosa (25 evra) i ako se dobro se\u0107am u ovom nacionalnom parku ta karta va\u017ei za samo 2-3 dana. S druge strane, ako se uzme u obzir gde se Ognjena zemlja nalazi i kako se stvari transportuju do nje to verovatno i nije tako mnogo. Nakon ulaska u park vozili smo se jo\u0161 dobrih 3km do na\u0161e polazne stanice \u2013 male luke u Ensenada zalivu (Bah\u00eda Ensenada Zaratiegui). Voza\u010d autobusa nam je pokazao u pravcu usamljene drvene ku\u0107ice (barake) i objasnio da tamo treba \u201cne\u0161to\u201d da radimo sa paso\u0161em. Nije mi bilo najjasnije \u0161ta se de\u0161ava jer ja jedva da natucam \u0161panski a voza\u010d nije govorio nijedan drugi jezik. No poslu\u0161no krenusmo ka ukazanom nam mestu. Po ulasku u istu shvatili smo da smo upravo u\u0161li u najju\u017eniju po\u0161tansku stanicu na svetu. Izvukoh paso\u0161e poslu\u0161no iz ranca. I dalje mi nije bilo jasno za\u0161to ih dajem tom \u010doveku sa sme\u0161nom bradom iza pulta, no kako su to neki turisti radili ispred mene rekoh valjda tako treba. Tek kada je krenuo da lepi nalepnicu i udara pe\u010dat sa pingvinima i natpisom \u201cFin del Mundo\u201d (kraj sveta) shvatih da je u pitanju jedna od onih turisti\u010dkih viza koje ni\u010demu ne slu\u017ee ali lepo izgledaju u paso\u0161u. Razroga\u010dih o\u010di od odu\u0161evljenja, pe\u010dat sa pingvinima je prelep i apsolutno vredi onih 10 pezosa koji su mi naknadno napla\u0107eni. Ushi\u0107ena lepotom mog novog otiska u paso\u0161u iza\u0111oh iz barake da se odu\u0161evljavam okru\u017eenjem.<\/p>\t\t\t\t\t\t\t\t<\/div>\n\t\t\t\t<\/div>\n\t\t\t\t<div class=\"elementor-element elementor-element-7a0c18e elementor-widget elementor-widget-mkdf_single_image\" data-id=\"7a0c18e\" data-element_type=\"widget\" data-widget_type=\"mkdf_single_image.default\">\n\t\t\t\t<div class=\"elementor-widget-container\">\n\t\t\t\t\t<div class=\"mkdf-single-image-holder   \">\n    <div class=\"mkdf-si-inner\" >\n                                    <img fetchpriority=\"high\" decoding=\"async\" width=\"1200\" height=\"800\" src=\"https:\/\/marica.org\/wp-content\/uploads\/2024\/04\/Tierra-del-fuego-6.jpg\" class=\"attachment-full size-full\" alt=\"\" srcset=\"https:\/\/marica.org\/wp-content\/uploads\/2024\/04\/Tierra-del-fuego-6.jpg 1200w, https:\/\/marica.org\/wp-content\/uploads\/2024\/04\/Tierra-del-fuego-6-300x200.jpg 300w, https:\/\/marica.org\/wp-content\/uploads\/2024\/04\/Tierra-del-fuego-6-1024x683.jpg 1024w, https:\/\/marica.org\/wp-content\/uploads\/2024\/04\/Tierra-del-fuego-6-768x512.jpg 768w\" sizes=\"(max-width: 1200px) 100vw, 1200px\" \/>                        <\/div>\n<\/div>\t\t\t\t<\/div>\n\t\t\t\t<\/div>\n\t\t\t\t<div class=\"elementor-element elementor-element-15de190 elementor-widget elementor-widget-text-editor\" data-id=\"15de190\" data-element_type=\"widget\" data-widget_type=\"text-editor.default\">\n\t\t\t\t<div class=\"elementor-widget-container\">\n\t\t\t\t\t\t\t\t\t<p>Za taj dan je planirana priobalna staza (Senda Costera) od nekih 8 km a posle nje gde stignemo u zavisnosti od vremena. Vreme je bilo obla\u010dno, a voda u zalivu tirkizna. Prekoputa pristani\u0161ta se pru\u017ea malo ostrvo (Isla Redonda). Staza prati obalu i naizmeni\u010dno vodi kroz \u0161umu i preko pla\u017ea. Ve\u0107 na samom po\u010detku staze neko nenaviknut na ove subantarti\u010dke \u0161ume osta\u0107e zate\u010den njihovim izgledom. Iako nali\u010de onome \u0161to smo videli prethodnog dana, prava lepota prirode je tek sada do\u0161la do punog izra\u017eaja. Plavkasta stara debla tek oki\u0107ena sve\u017em zelenim listovima. \u0160uma deluje magi\u010dno, savr\u0161ena za neku misti\u010dnu pri\u010du sa \u0161umskim vilama i bogovima. U po\u010detku su pla\u017ee bile male i \u0161ljunkovite prekrivene plavo ljubi\u010dastim oblutcima, o\u0161trim sivkasto plavim stenama i jarko ljubi\u010dastim \u0161koljkama. Sve boje su bile vrlo intezivne, a njihova kombinacija neo\u010dekivana. Priroda se igrala sa na\u0161im \u010dulima sla\u017eu\u0107i skladno boje na \u010diju kombinaciju u prirodi nismo navikli. Poku\u0161avala sam da uhvatim te boje i oblike fotoaparatom, ali one nisu delovale tako impresivno na uhva\u0107enim snimcima. \u0160irina tog prostora, magi\u010dnost tih \u0161uma i sve te nijanse nisu mogle biti zabele\u017eene sa par digitalnih slika. I taman kada pomislih da ne mo\u017ee biti lep\u0161e, male obale su po\u010dele da smenjuju ve\u0107e zelenije uvale. Uz obalu je bilo puno gusaka i poneki soko. Sve vrste druga\u010dije od onih na koje smo uglavnom navikli. Sem ptica na \u017ealost nismo videli nijednu drugu \u017eivuljku, mada su brane i ponegde opusto\u0161eni delovi \u0161ume jasno ukazivali na brojnost dabrova.<\/p>\t\t\t\t\t\t\t\t<\/div>\n\t\t\t\t<\/div>\n\t\t\t\t<div class=\"elementor-element elementor-element-347eb40 elementor-widget elementor-widget-mkdf_single_image\" data-id=\"347eb40\" data-element_type=\"widget\" data-widget_type=\"mkdf_single_image.default\">\n\t\t\t\t<div class=\"elementor-widget-container\">\n\t\t\t\t\t<div class=\"mkdf-single-image-holder   \">\n    <div class=\"mkdf-si-inner\" >\n                                    <img decoding=\"async\" width=\"1200\" height=\"800\" src=\"https:\/\/marica.org\/wp-content\/uploads\/2024\/04\/Tierra-del-fuego-10.jpg\" class=\"attachment-full size-full\" alt=\"\" srcset=\"https:\/\/marica.org\/wp-content\/uploads\/2024\/04\/Tierra-del-fuego-10.jpg 1200w, https:\/\/marica.org\/wp-content\/uploads\/2024\/04\/Tierra-del-fuego-10-300x200.jpg 300w, https:\/\/marica.org\/wp-content\/uploads\/2024\/04\/Tierra-del-fuego-10-1024x683.jpg 1024w, https:\/\/marica.org\/wp-content\/uploads\/2024\/04\/Tierra-del-fuego-10-768x512.jpg 768w\" sizes=\"(max-width: 1200px) 100vw, 1200px\" \/>                        <\/div>\n<\/div>\t\t\t\t<\/div>\n\t\t\t\t<\/div>\n\t\t\t\t<div class=\"elementor-element elementor-element-55cbcc5 elementor-widget elementor-widget-mkdf_single_image\" data-id=\"55cbcc5\" data-element_type=\"widget\" data-widget_type=\"mkdf_single_image.default\">\n\t\t\t\t<div class=\"elementor-widget-container\">\n\t\t\t\t\t<div class=\"mkdf-single-image-holder   \">\n    <div class=\"mkdf-si-inner\" >\n                                    <img decoding=\"async\" width=\"1200\" height=\"800\" src=\"https:\/\/marica.org\/wp-content\/uploads\/2024\/04\/Tierra-del-fuego-15.jpg\" class=\"attachment-full size-full\" alt=\"\" srcset=\"https:\/\/marica.org\/wp-content\/uploads\/2024\/04\/Tierra-del-fuego-15.jpg 1200w, https:\/\/marica.org\/wp-content\/uploads\/2024\/04\/Tierra-del-fuego-15-300x200.jpg 300w, https:\/\/marica.org\/wp-content\/uploads\/2024\/04\/Tierra-del-fuego-15-1024x683.jpg 1024w, https:\/\/marica.org\/wp-content\/uploads\/2024\/04\/Tierra-del-fuego-15-768x512.jpg 768w\" sizes=\"(max-width: 1200px) 100vw, 1200px\" \/>                        <\/div>\n<\/div>\t\t\t\t<\/div>\n\t\t\t\t<\/div>\n\t\t\t\t<div class=\"elementor-element elementor-element-d45582b elementor-widget elementor-widget-text-editor\" data-id=\"d45582b\" data-element_type=\"widget\" data-widget_type=\"text-editor.default\">\n\t\t\t\t<div class=\"elementor-widget-container\">\n\t\t\t\t\t\t\t\t\t<p>Ta relativno kratka \u0161etnja i lak teren su nam oduzeli nesrazmerno mnogo vremena. Sve je delovalo toliko magi\u010dno da smo dugo ostajali na pojedinim mestima, prosto sede\u0107i zagledani u prirodu oko sebe. Ni\u0161ta posebno uzbudljivo se nije de\u0161avalo pred nama. Proletela bi po neka ptica, zatalasala bi se tirkizna voda, savila bi se koja travka pod povetarcem, razvukao bi se neki oblak. A ipak u isto vreme de\u0161avalo se mnogo toga, moja ko\u017ea je poku\u0161avala da zapamti svaki dodir, uvo da oslu\u0161ne svaki zvuk a oko da zabele\u017ei svaku sliku, moja glava se trudila da sve to sastavi u pri\u010du koju \u0107u vam jednoga dana ispri\u010dati. Glava je sada prili\u010dno razo\u010darana jer sve ove re\u010di nisu dovoljne da prenesu sve ono \u0161to su moja \u010dula u tom parku sakupila.<\/p>\t\t\t\t\t\t\t\t<\/div>\n\t\t\t\t<\/div>\n\t\t\t\t<div class=\"elementor-element elementor-element-500d2c2 elementor-widget elementor-widget-mkdf_single_image\" data-id=\"500d2c2\" data-element_type=\"widget\" data-widget_type=\"mkdf_single_image.default\">\n\t\t\t\t<div class=\"elementor-widget-container\">\n\t\t\t\t\t<div class=\"mkdf-single-image-holder   \">\n    <div class=\"mkdf-si-inner\" >\n                                    <img loading=\"lazy\" decoding=\"async\" width=\"1200\" height=\"800\" src=\"https:\/\/marica.org\/wp-content\/uploads\/2024\/04\/Tierra-del-fuego-26.jpg\" class=\"attachment-full size-full\" alt=\"\" srcset=\"https:\/\/marica.org\/wp-content\/uploads\/2024\/04\/Tierra-del-fuego-26.jpg 1200w, https:\/\/marica.org\/wp-content\/uploads\/2024\/04\/Tierra-del-fuego-26-300x200.jpg 300w, https:\/\/marica.org\/wp-content\/uploads\/2024\/04\/Tierra-del-fuego-26-1024x683.jpg 1024w, https:\/\/marica.org\/wp-content\/uploads\/2024\/04\/Tierra-del-fuego-26-768x512.jpg 768w\" sizes=\"(max-width: 1200px) 100vw, 1200px\" \/>                        <\/div>\n<\/div>\t\t\t\t<\/div>\n\t\t\t\t<\/div>\n\t\t\t\t<div class=\"elementor-element elementor-element-8ec23d5 elementor-widget elementor-widget-mkdf_single_image\" data-id=\"8ec23d5\" data-element_type=\"widget\" data-widget_type=\"mkdf_single_image.default\">\n\t\t\t\t<div class=\"elementor-widget-container\">\n\t\t\t\t\t<div class=\"mkdf-single-image-holder   \">\n    <div class=\"mkdf-si-inner\" >\n                                    <img loading=\"lazy\" decoding=\"async\" width=\"1200\" height=\"800\" src=\"https:\/\/marica.org\/wp-content\/uploads\/2024\/04\/Tierra-del-fuego-46.jpg\" class=\"attachment-full size-full\" alt=\"\" srcset=\"https:\/\/marica.org\/wp-content\/uploads\/2024\/04\/Tierra-del-fuego-46.jpg 1200w, https:\/\/marica.org\/wp-content\/uploads\/2024\/04\/Tierra-del-fuego-46-300x200.jpg 300w, https:\/\/marica.org\/wp-content\/uploads\/2024\/04\/Tierra-del-fuego-46-1024x683.jpg 1024w, https:\/\/marica.org\/wp-content\/uploads\/2024\/04\/Tierra-del-fuego-46-768x512.jpg 768w\" sizes=\"(max-width: 1200px) 100vw, 1200px\" \/>                        <\/div>\n<\/div>\t\t\t\t<\/div>\n\t\t\t\t<\/div>\n\t\t\t\t<div class=\"elementor-element elementor-element-3af4757 elementor-widget elementor-widget-text-editor\" data-id=\"3af4757\" data-element_type=\"widget\" data-widget_type=\"text-editor.default\">\n\t\t\t\t<div class=\"elementor-widget-container\">\n\t\t\t\t\t\t\t\t\t<p>Nakon verovatno najsporije \u0161etnje u na\u0161im \u017eivotima nastavili smo malo br\u017eim tempom preko Lapataja reke koja odliva vodu iz jezera sa najvi\u0161e imena ka Lapataja zalivu. Jezero se okitilo sa \u010dak tri imena te u zavisnosti koga pitate moglo bi se zvati: Acigami (na jeziku starosedeoca zna\u010di torba, vre\u0107a), Err\u00e1zuriz (biv\u0161i \u010dileanski predsednik) ili Roca (biv\u0161i argentinski predsednik). Zaimljivo je da su se ova dva predsednika sastala 1899. godine u Magelanovom prolazu nebili se tenzija izme\u0111u dve zemlje smanjila.<br \/>Poslednji kilometar puta smo prakti\u010dno pretr\u010dali kroz mo\u017eda \u010dak i najlep\u0161e par\u010de \u0161ume u tom delu parka kako bismo stigli na kombi koji je polazio za 15min. Ovaj put kroz \u0161umu je u potpunosti prekriven drvenim mostovima-stazama i vodi do vidikovca koji gleda ka zalivu.<br \/>Dan smo manje vi\u0161e neslavno zavr\u0161ili jo\u0161 jednim preranim odlaskom u krevet. Nije ba\u0161 ni da smo planirali neke lude izlaske i jeste da na tom dalekom jugu dan traje dugo u toku decembra, no ipak je \u0161teta da nismo uhvatili to no\u0107no nebo bar na tren dok smo bili na Ognjenoj zemlji. Slede\u0107i dan smo proveli u celodnevnoj vo\u017enji ka Punta Arenasu, koji je opet slu\u017eio samo kao usputna stanica za nabavku pre na\u0161eg slede\u0107eg odredi\u0161ta nacionalnog parka Torres del Paine.<\/p>\t\t\t\t\t\t\t\t<\/div>\n\t\t\t\t<\/div>\n\t\t\t\t<div class=\"elementor-element elementor-element-e7e6bc6 elementor-widget elementor-widget-mkdf_single_image\" data-id=\"e7e6bc6\" data-element_type=\"widget\" data-widget_type=\"mkdf_single_image.default\">\n\t\t\t\t<div class=\"elementor-widget-container\">\n\t\t\t\t\t<div class=\"mkdf-single-image-holder   \">\n    <div class=\"mkdf-si-inner\" >\n                                    <img loading=\"lazy\" decoding=\"async\" width=\"1200\" height=\"800\" src=\"https:\/\/marica.org\/wp-content\/uploads\/2024\/04\/Tierra-del-fuego-43.jpg\" class=\"attachment-full size-full\" alt=\"\" srcset=\"https:\/\/marica.org\/wp-content\/uploads\/2024\/04\/Tierra-del-fuego-43.jpg 1200w, https:\/\/marica.org\/wp-content\/uploads\/2024\/04\/Tierra-del-fuego-43-300x200.jpg 300w, https:\/\/marica.org\/wp-content\/uploads\/2024\/04\/Tierra-del-fuego-43-1024x683.jpg 1024w, https:\/\/marica.org\/wp-content\/uploads\/2024\/04\/Tierra-del-fuego-43-768x512.jpg 768w\" sizes=\"(max-width: 1200px) 100vw, 1200px\" \/>                        <\/div>\n<\/div>\t\t\t\t<\/div>\n\t\t\t\t<\/div>\n\t\t\t\t<div class=\"elementor-element elementor-element-6947f54 elementor-widget elementor-widget-text-editor\" data-id=\"6947f54\" data-element_type=\"widget\" data-widget_type=\"text-editor.default\">\n\t\t\t\t<div class=\"elementor-widget-container\">\n\t\t\t\t\t\t\t\t\t<p>Vi\u0161e slika mo\u017eete na\u0107i u mojoj galeriji:<\/p>\t\t\t\t\t\t\t\t<\/div>\n\t\t\t\t<\/div>\n\t\t\t\t<div class=\"elementor-element elementor-element-56b0c34 elementor-widget elementor-widget-mkdf_blog_list\" data-id=\"56b0c34\" data-element_type=\"widget\" data-widget_type=\"mkdf_blog_list.default\">\n\t\t\t\t<div class=\"elementor-widget-container\">\n\t\t\t\t\t<div class=\"mkdf-blog-list-holder mkdf-grid-list mkdf-disable-bottom-space mkdf-bl-custom mkdf-five-columns mkdf-micro-space mkdf-bl-pag-no-pagination  \"  data-type=custom data-number-of-posts=-1 data-number-of-columns=five data-space-between-items=micro data-category=ArgentinaPhotos data-orderby=title data-order=ASC data-image-size=full data-title-tag=h5 data-excerpt-length=40 data-post-info-image=yes data-post-info-author=no data-post-info-date=no data-post-info-category=no data-post-info-comments=no data-post-info-like=no data-post-info-share=no data-pagination-type=no-pagination data-post-info-destination=no data-content-align=center-alignment data-post-info-read-more=no data-max-num-pages=0 data-next-page=2>\n\t<div class=\"mkdf-bl-wrapper mkdf-outer-space\">\n\t\t<ul class=\"mkdf-blog-list\">\n\t\t\t\n<li class=\"mkdf-bl-item mkdf-item-space \">\n\t<div class=\"mkdf-bli-inner\">\n\t\t\n\t<div class=\"mkdf-post-image\">\n\t\t\t\t\t<a itemprop=\"url\" href=\"https:\/\/marica.org\/?p=11644\" title=\"Bariloche\">\n\t\t\t\t\t<img loading=\"lazy\" decoding=\"async\" width=\"1200\" height=\"800\" src=\"https:\/\/marica.org\/wp-content\/uploads\/2024\/04\/bariloche-12.jpg\" class=\"attachment-full size-full\" alt=\"\" srcset=\"https:\/\/marica.org\/wp-content\/uploads\/2024\/04\/bariloche-12.jpg 1200w, https:\/\/marica.org\/wp-content\/uploads\/2024\/04\/bariloche-12-300x200.jpg 300w, https:\/\/marica.org\/wp-content\/uploads\/2024\/04\/bariloche-12-1024x683.jpg 1024w, https:\/\/marica.org\/wp-content\/uploads\/2024\/04\/bariloche-12-768x512.jpg 768w\" sizes=\"(max-width: 1200px) 100vw, 1200px\" \/>\t\t\t\t\t<\/a>\n\t\t\t\t\t<\/div>\n\n\t\t<div class=\"mkdf-bli-content\" >\n            \n<h5 itemprop=\"name\" class=\"entry-title mkdf-post-title\" >\n            <a itemprop=\"url\" href=\"https:\/\/marica.org\/?p=11644\" title=\"Bariloche\">\n            Bariloche            <\/a>\n    <\/h5>            <div class=\"mkdf-bli-excerpt\">\n\t\t\t\t\t\t\t\t            <\/div>\n            \t\t<\/div>\n\t<\/div>\n<\/li>\n<li class=\"mkdf-bl-item mkdf-item-space \">\n\t<div class=\"mkdf-bli-inner\">\n\t\t\n\t<div class=\"mkdf-post-image\">\n\t\t\t\t\t<a itemprop=\"url\" href=\"https:\/\/marica.org\/?p=12064\" title=\"Buenos Aires\">\n\t\t\t\t\t<img loading=\"lazy\" decoding=\"async\" width=\"1200\" height=\"800\" src=\"https:\/\/marica.org\/wp-content\/uploads\/2024\/04\/buenos-aires-61.jpg\" class=\"attachment-full size-full\" alt=\"\" srcset=\"https:\/\/marica.org\/wp-content\/uploads\/2024\/04\/buenos-aires-61.jpg 1200w, https:\/\/marica.org\/wp-content\/uploads\/2024\/04\/buenos-aires-61-300x200.jpg 300w, https:\/\/marica.org\/wp-content\/uploads\/2024\/04\/buenos-aires-61-1024x683.jpg 1024w, https:\/\/marica.org\/wp-content\/uploads\/2024\/04\/buenos-aires-61-768x512.jpg 768w\" sizes=\"(max-width: 1200px) 100vw, 1200px\" \/>\t\t\t\t\t<\/a>\n\t\t\t\t\t<\/div>\n\n\t\t<div class=\"mkdf-bli-content\" >\n            \n<h5 itemprop=\"name\" class=\"entry-title mkdf-post-title\" >\n            <a itemprop=\"url\" href=\"https:\/\/marica.org\/?p=12064\" title=\"Buenos Aires\">\n            Buenos Aires            <\/a>\n    <\/h5>            <div class=\"mkdf-bli-excerpt\">\n\t\t\t\t\t\t\t\t            <\/div>\n            \t\t<\/div>\n\t<\/div>\n<\/li>\n<li class=\"mkdf-bl-item mkdf-item-space \">\n\t<div class=\"mkdf-bli-inner\">\n\t\t\n\t<div class=\"mkdf-post-image\">\n\t\t\t\t\t<a itemprop=\"url\" href=\"https:\/\/marica.org\/?p=11603\" title=\"El Bolson\">\n\t\t\t\t\t<img loading=\"lazy\" decoding=\"async\" width=\"1200\" height=\"800\" src=\"https:\/\/marica.org\/wp-content\/uploads\/2024\/04\/el-bolson-19.jpg\" class=\"attachment-full size-full\" alt=\"\" srcset=\"https:\/\/marica.org\/wp-content\/uploads\/2024\/04\/el-bolson-19.jpg 1200w, https:\/\/marica.org\/wp-content\/uploads\/2024\/04\/el-bolson-19-300x200.jpg 300w, https:\/\/marica.org\/wp-content\/uploads\/2024\/04\/el-bolson-19-1024x683.jpg 1024w, https:\/\/marica.org\/wp-content\/uploads\/2024\/04\/el-bolson-19-768x512.jpg 768w\" sizes=\"(max-width: 1200px) 100vw, 1200px\" \/>\t\t\t\t\t<\/a>\n\t\t\t\t\t<\/div>\n\n\t\t<div class=\"mkdf-bli-content\" >\n            \n<h5 itemprop=\"name\" class=\"entry-title mkdf-post-title\" >\n            <a itemprop=\"url\" href=\"https:\/\/marica.org\/?p=11603\" title=\"El Bolson\">\n            El Bolson            <\/a>\n    <\/h5>            <div class=\"mkdf-bli-excerpt\">\n\t\t\t\t\t\t\t\t            <\/div>\n            \t\t<\/div>\n\t<\/div>\n<\/li>\n<li class=\"mkdf-bl-item mkdf-item-space \">\n\t<div class=\"mkdf-bli-inner\">\n\t\t\n\t<div class=\"mkdf-post-image\">\n\t\t\t\t\t<a itemprop=\"url\" href=\"https:\/\/marica.org\/?p=7620\" title=\"Fitz Roy\">\n\t\t\t\t\t<img loading=\"lazy\" decoding=\"async\" width=\"1200\" height=\"800\" src=\"https:\/\/marica.org\/wp-content\/uploads\/2024\/03\/fitz-roy-32.jpg\" class=\"attachment-full size-full\" alt=\"\" srcset=\"https:\/\/marica.org\/wp-content\/uploads\/2024\/03\/fitz-roy-32.jpg 1200w, https:\/\/marica.org\/wp-content\/uploads\/2024\/03\/fitz-roy-32-300x200.jpg 300w, https:\/\/marica.org\/wp-content\/uploads\/2024\/03\/fitz-roy-32-1024x683.jpg 1024w, https:\/\/marica.org\/wp-content\/uploads\/2024\/03\/fitz-roy-32-768x512.jpg 768w\" sizes=\"(max-width: 1200px) 100vw, 1200px\" \/>\t\t\t\t\t<\/a>\n\t\t\t\t\t<\/div>\n\n\t\t<div class=\"mkdf-bli-content\" >\n            \n<h5 itemprop=\"name\" class=\"entry-title mkdf-post-title\" >\n            <a itemprop=\"url\" href=\"https:\/\/marica.org\/?p=7620\" title=\"Fitz Roy\">\n            Fitz Roy            <\/a>\n    <\/h5>            <div class=\"mkdf-bli-excerpt\">\n\t\t\t\t\t\t\t\t            <\/div>\n            \t\t<\/div>\n\t<\/div>\n<\/li>\n<li class=\"mkdf-bl-item mkdf-item-space \">\n\t<div class=\"mkdf-bli-inner\">\n\t\t\n\t<div class=\"mkdf-post-image\">\n\t\t\t\t\t<a itemprop=\"url\" href=\"https:\/\/marica.org\/?p=11942\" title=\"Glaciar Martial\">\n\t\t\t\t\t<img loading=\"lazy\" decoding=\"async\" width=\"1200\" height=\"800\" src=\"https:\/\/marica.org\/wp-content\/uploads\/2024\/04\/Glaciar-martial-13.jpg\" class=\"attachment-full size-full\" alt=\"\" srcset=\"https:\/\/marica.org\/wp-content\/uploads\/2024\/04\/Glaciar-martial-13.jpg 1200w, https:\/\/marica.org\/wp-content\/uploads\/2024\/04\/Glaciar-martial-13-300x200.jpg 300w, https:\/\/marica.org\/wp-content\/uploads\/2024\/04\/Glaciar-martial-13-1024x683.jpg 1024w, https:\/\/marica.org\/wp-content\/uploads\/2024\/04\/Glaciar-martial-13-768x512.jpg 768w\" sizes=\"(max-width: 1200px) 100vw, 1200px\" \/>\t\t\t\t\t<\/a>\n\t\t\t\t\t<\/div>\n\n\t\t<div class=\"mkdf-bli-content\" >\n            \n<h5 itemprop=\"name\" class=\"entry-title mkdf-post-title\" >\n            <a itemprop=\"url\" href=\"https:\/\/marica.org\/?p=11942\" title=\"Glaciar Martial\">\n            Glaciar Martial            <\/a>\n    <\/h5>            <div class=\"mkdf-bli-excerpt\">\n\t\t\t\t\t\t\t\t            <\/div>\n            \t\t<\/div>\n\t<\/div>\n<\/li>\n<li class=\"mkdf-bl-item mkdf-item-space \">\n\t<div class=\"mkdf-bli-inner\">\n\t\t\n\t<div class=\"mkdf-post-image\">\n\t\t\t\t\t<a itemprop=\"url\" href=\"https:\/\/marica.org\/?p=16764\" title=\"Iguazu Falls\">\n\t\t\t\t\t<img loading=\"lazy\" decoding=\"async\" width=\"1200\" height=\"800\" src=\"https:\/\/marica.org\/wp-content\/uploads\/2024\/04\/iguazu-falls-47.jpg\" class=\"attachment-full size-full\" alt=\"\" srcset=\"https:\/\/marica.org\/wp-content\/uploads\/2024\/04\/iguazu-falls-47.jpg 1200w, https:\/\/marica.org\/wp-content\/uploads\/2024\/04\/iguazu-falls-47-300x200.jpg 300w, https:\/\/marica.org\/wp-content\/uploads\/2024\/04\/iguazu-falls-47-1024x683.jpg 1024w, https:\/\/marica.org\/wp-content\/uploads\/2024\/04\/iguazu-falls-47-768x512.jpg 768w\" sizes=\"(max-width: 1200px) 100vw, 1200px\" \/>\t\t\t\t\t<\/a>\n\t\t\t\t\t<\/div>\n\n\t\t<div class=\"mkdf-bli-content\" >\n            \n<h5 itemprop=\"name\" class=\"entry-title mkdf-post-title\" >\n            <a itemprop=\"url\" href=\"https:\/\/marica.org\/?p=16764\" title=\"Iguazu Falls\">\n            Iguazu Falls            <\/a>\n    <\/h5>            <div class=\"mkdf-bli-excerpt\">\n\t\t\t\t\t\t\t\t            <\/div>\n            \t\t<\/div>\n\t<\/div>\n<\/li>\n<li class=\"mkdf-bl-item mkdf-item-space \">\n\t<div class=\"mkdf-bli-inner\">\n\t\t\n\t<div class=\"mkdf-post-image\">\n\t\t\t\t\t<a itemprop=\"url\" href=\"https:\/\/marica.org\/?p=11720\" title=\"Perito Moreno\">\n\t\t\t\t\t<img loading=\"lazy\" decoding=\"async\" width=\"1200\" height=\"800\" src=\"https:\/\/marica.org\/wp-content\/uploads\/2024\/04\/perito-moreno-29.jpg\" class=\"attachment-full size-full\" alt=\"\" srcset=\"https:\/\/marica.org\/wp-content\/uploads\/2024\/04\/perito-moreno-29.jpg 1200w, https:\/\/marica.org\/wp-content\/uploads\/2024\/04\/perito-moreno-29-300x200.jpg 300w, https:\/\/marica.org\/wp-content\/uploads\/2024\/04\/perito-moreno-29-1024x683.jpg 1024w, https:\/\/marica.org\/wp-content\/uploads\/2024\/04\/perito-moreno-29-768x512.jpg 768w\" sizes=\"(max-width: 1200px) 100vw, 1200px\" \/>\t\t\t\t\t<\/a>\n\t\t\t\t\t<\/div>\n\n\t\t<div class=\"mkdf-bli-content\" >\n            \n<h5 itemprop=\"name\" class=\"entry-title mkdf-post-title\" >\n            <a itemprop=\"url\" href=\"https:\/\/marica.org\/?p=11720\" title=\"Perito Moreno\">\n            Perito Moreno            <\/a>\n    <\/h5>            <div class=\"mkdf-bli-excerpt\">\n\t\t\t\t\t\t\t\t            <\/div>\n            \t\t<\/div>\n\t<\/div>\n<\/li>\n<li class=\"mkdf-bl-item mkdf-item-space \">\n\t<div class=\"mkdf-bli-inner\">\n\t\t\n\t<div class=\"mkdf-post-image\">\n\t\t\t\t\t<a itemprop=\"url\" href=\"https:\/\/marica.org\/?p=11887\" title=\"Tierra del Fuego\">\n\t\t\t\t\t<img loading=\"lazy\" decoding=\"async\" width=\"1200\" height=\"800\" src=\"https:\/\/marica.org\/wp-content\/uploads\/2024\/04\/Tierra-del-fuego-3.jpg\" class=\"attachment-full size-full\" alt=\"\" srcset=\"https:\/\/marica.org\/wp-content\/uploads\/2024\/04\/Tierra-del-fuego-3.jpg 1200w, https:\/\/marica.org\/wp-content\/uploads\/2024\/04\/Tierra-del-fuego-3-300x200.jpg 300w, https:\/\/marica.org\/wp-content\/uploads\/2024\/04\/Tierra-del-fuego-3-1024x683.jpg 1024w, https:\/\/marica.org\/wp-content\/uploads\/2024\/04\/Tierra-del-fuego-3-768x512.jpg 768w\" sizes=\"(max-width: 1200px) 100vw, 1200px\" \/>\t\t\t\t\t<\/a>\n\t\t\t\t\t<\/div>\n\n\t\t<div class=\"mkdf-bli-content\" >\n            \n<h5 itemprop=\"name\" class=\"entry-title mkdf-post-title\" >\n            <a itemprop=\"url\" href=\"https:\/\/marica.org\/?p=11887\" title=\"Tierra del Fuego\">\n            Tierra del Fuego            <\/a>\n    <\/h5>            <div class=\"mkdf-bli-excerpt\">\n\t\t\t\t\t\t\t\t            <\/div>\n            \t\t<\/div>\n\t<\/div>\n<\/li>\n<li class=\"mkdf-bl-item mkdf-item-space \">\n\t<div class=\"mkdf-bli-inner\">\n\t\t\n\t<div class=\"mkdf-post-image\">\n\t\t\t\t\t<a itemprop=\"url\" href=\"https:\/\/marica.org\/?p=11992\" title=\"Ushuaia\">\n\t\t\t\t\t<img loading=\"lazy\" decoding=\"async\" width=\"1200\" height=\"800\" src=\"https:\/\/marica.org\/wp-content\/uploads\/2024\/04\/ushuaia-32.jpg\" class=\"attachment-full size-full\" alt=\"\" srcset=\"https:\/\/marica.org\/wp-content\/uploads\/2024\/04\/ushuaia-32.jpg 1200w, https:\/\/marica.org\/wp-content\/uploads\/2024\/04\/ushuaia-32-300x200.jpg 300w, https:\/\/marica.org\/wp-content\/uploads\/2024\/04\/ushuaia-32-1024x683.jpg 1024w, https:\/\/marica.org\/wp-content\/uploads\/2024\/04\/ushuaia-32-768x512.jpg 768w\" sizes=\"(max-width: 1200px) 100vw, 1200px\" \/>\t\t\t\t\t<\/a>\n\t\t\t\t\t<\/div>\n\n\t\t<div class=\"mkdf-bli-content\" >\n            \n<h5 itemprop=\"name\" class=\"entry-title mkdf-post-title\" >\n            <a itemprop=\"url\" href=\"https:\/\/marica.org\/?p=11992\" title=\"Ushuaia\">\n            Ushuaia            <\/a>\n    <\/h5>            <div class=\"mkdf-bli-excerpt\">\n\t\t\t\t\t\t\t\t            <\/div>\n            \t\t<\/div>\n\t<\/div>\n<\/li>\t\t<\/ul>\n\t<\/div>\n\t<\/div>\t\t\t\t<\/div>\n\t\t\t\t<\/div>\n\t\t\t\t\t<\/div>\n\t\t\t\t<\/div>\n\t\t\t\t<\/div>\n\t\t","protected":false},"excerpt":{"rendered":"<p>Poslednji dan na\u0161eg boravka u U\u0161uaji odlu\u010dili smo da kona\u010dno skoknemo do nacionalnog parka Ognjena zemlja. Uhvatili smo lokalni autobus oko 10h i nakon 12km truckanja stigli do ulaza u nacionalni park. Kao u ve\u0107ini nacionalnih parkova u Patagoniju na [&hellip;]<\/p>\n","protected":false},"author":1,"featured_media":0,"comment_status":"open","ping_status":"closed","sticky":false,"template":"","format":"standard","meta":{"footnotes":""},"categories":[2,526,502],"tags":[44,109,114,123,140,161,250,267,319,336,345,359,371,390,489],"class_list":["post-801","post","type-post","status-publish","format-standard","hentry","category-argentina","category-argentina-stories","category-stories","tag-argentina","tag-dnevni-izlet","tag-duga-setnja","tag-egzoticna-putovanja","tag-fotografija","tag-hajking","tag-lapataja","tag-magelan","tag-ognjena-zemlja","tag-patagonija","tag-planinarenje","tag-priroda","tag-putovanja","tag-samostalna-putovanja","tag-zivotinje"],"_links":{"self":[{"href":"https:\/\/marica.org\/index.php?rest_route=\/wp\/v2\/posts\/801","targetHints":{"allow":["GET"]}}],"collection":[{"href":"https:\/\/marica.org\/index.php?rest_route=\/wp\/v2\/posts"}],"about":[{"href":"https:\/\/marica.org\/index.php?rest_route=\/wp\/v2\/types\/post"}],"author":[{"embeddable":true,"href":"https:\/\/marica.org\/index.php?rest_route=\/wp\/v2\/users\/1"}],"replies":[{"embeddable":true,"href":"https:\/\/marica.org\/index.php?rest_route=%2Fwp%2Fv2%2Fcomments&post=801"}],"version-history":[{"count":4,"href":"https:\/\/marica.org\/index.php?rest_route=\/wp\/v2\/posts\/801\/revisions"}],"predecessor-version":[{"id":11941,"href":"https:\/\/marica.org\/index.php?rest_route=\/wp\/v2\/posts\/801\/revisions\/11941"}],"wp:attachment":[{"href":"https:\/\/marica.org\/index.php?rest_route=%2Fwp%2Fv2%2Fmedia&parent=801"}],"wp:term":[{"taxonomy":"category","embeddable":true,"href":"https:\/\/marica.org\/index.php?rest_route=%2Fwp%2Fv2%2Fcategories&post=801"},{"taxonomy":"post_tag","embeddable":true,"href":"https:\/\/marica.org\/index.php?rest_route=%2Fwp%2Fv2%2Ftags&post=801"}],"curies":[{"name":"wp","href":"https:\/\/api.w.org\/{rel}","templated":true}]}}