{"id":83,"date":"2009-07-23T10:06:11","date_gmt":"2009-07-23T02:06:11","guid":{"rendered":"https:\/\/marica.org\/?p=83"},"modified":"2024-04-19T02:15:05","modified_gmt":"2024-04-19T02:15:05","slug":"leto-u-frankfurtu","status":"publish","type":"post","link":"https:\/\/marica.org\/?p=83","title":{"rendered":"Leto u Frankfurtu"},"content":{"rendered":"\t\t<div data-elementor-type=\"wp-post\" data-elementor-id=\"83\" class=\"elementor elementor-83\">\n\t\t\t\t<div class=\"elementor-element elementor-element-7cce892 e-flex e-con-boxed e-con e-parent\" data-id=\"7cce892\" data-element_type=\"container\">\n\t\t\t\t\t<div class=\"e-con-inner\">\n\t\t\t\t<div class=\"elementor-element elementor-element-a8098b9 elementor-widget elementor-widget-text-editor\" data-id=\"a8098b9\" data-element_type=\"widget\" data-widget_type=\"text-editor.default\">\n\t\t\t\t<div class=\"elementor-widget-container\">\n\t\t\t\t\t\t\t\t\t<p>Pada ki\u0161a. Opet.<\/p>\t\t\t\t\t\t\t\t<\/div>\n\t\t\t\t<\/div>\n\t\t\t\t<div class=\"elementor-element elementor-element-a183217 elementor-widget elementor-widget-text-editor\" data-id=\"a183217\" data-element_type=\"widget\" data-widget_type=\"text-editor.default\">\n\t\t\t\t<div class=\"elementor-widget-container\">\n\t\t\t\t\t\t\t\t\t<p>Padala je ceo vikend, padala je juce, padala je no\u0107as. Od kada je po\u010delo leto oznojila sam se ukupno 0 puta, bila nervozna zbog vru\u0107ine 0 puta i nisam mogla da spavam od vru\u0107ine, zamislite opet 0 puta.<\/p>\t\t\t\t\t\t\t\t<\/div>\n\t\t\t\t<\/div>\n\t\t\t\t<div class=\"elementor-element elementor-element-a191203 elementor-widget elementor-widget-text-editor\" data-id=\"a191203\" data-element_type=\"widget\" data-widget_type=\"text-editor.default\">\n\t\t\t\t<div class=\"elementor-widget-container\">\n\t\t\t\t\t\t\t\t\t<p>Nedostaju mi barice po tastaturi nastale usled silnog znojenja pored kompijutera. Nedostaju mi komarci. Nedostaje mi ona vru\u0107in\u010dina od koje gubim apetit.<\/p>\t\t\t\t\t\t\t\t<\/div>\n\t\t\t\t<\/div>\n\t\t\t\t<div class=\"elementor-element elementor-element-5853665 elementor-widget elementor-widget-text-editor\" data-id=\"5853665\" data-element_type=\"widget\" data-widget_type=\"text-editor.default\">\n\t\t\t\t<div class=\"elementor-widget-container\">\n\t\t\t\t\t\t\t\t\t<p>Ne jedu mi se lubenice. Nisu mi se jele jagode. Tre\u0161nje nemaju isti ukus na 20 stepeni.<\/p>\t\t\t\t\t\t\t\t<\/div>\n\t\t\t\t<\/div>\n\t\t\t\t<div class=\"elementor-element elementor-element-b817947 elementor-widget elementor-widget-text-editor\" data-id=\"b817947\" data-element_type=\"widget\" data-widget_type=\"text-editor.default\">\n\t\t\t\t<div class=\"elementor-widget-container\">\n\t\t\t\t\t\t\t\t\t<p>Izlazim jutros iz metroa i po\u010dinje ki\u0161a. Po ode\u0107i mi oni odvratni tragovi od krupnih kapi ki\u0161e. Nebo opet sivo. Moj ve\u0161 opet mokar na terasi stoji. Pitam se: ho\u0107e li se ikada osu\u0161iti?<\/p>\t\t\t\t\t\t\t\t<\/div>\n\t\t\t\t<\/div>\n\t\t\t\t<div class=\"elementor-element elementor-element-bbeb9bf elementor-widget elementor-widget-text-editor\" data-id=\"bbeb9bf\" data-element_type=\"widget\" data-widget_type=\"text-editor.default\">\n\t\t\t\t<div class=\"elementor-widget-container\">\n\t\t\t\t\t\t\t\t\t<p>\u2013\u00a0\u00a0\u00a0 Ako do\u0111em danas ku\u0107i mokar, definitivno se selimo.<br \/>\u2013\u00a0\u00a0\u00a0 Jebem ti zemlju bez Sunca<br \/>\u2013\u00a0\u00a0\u00a0 I mora\u2026<br \/>\u2013\u00a0\u00a0\u00a0 U kojem mo\u017ee da se kupa<br \/>\u2013\u00a0\u00a0\u00a0 Pa nisam se ja za d\u017eabe iz Srbije selio<br \/>\u2013\u00a0\u00a0\u00a0 \u010cim se Crna Gora odvojila\u2026<br \/>\u2013\u00a0\u00a0\u00a0 U \u010ce\u0161ku \ud83d\ude1b<\/p>\t\t\t\t\t\t\t\t<\/div>\n\t\t\t\t<\/div>\n\t\t\t\t<div class=\"elementor-element elementor-element-fcdb458 elementor-widget elementor-widget-text-editor\" data-id=\"fcdb458\" data-element_type=\"widget\" data-widget_type=\"text-editor.default\">\n\t\t\t\t<div class=\"elementor-widget-container\">\n\t\t\t\t\t\t\t\t\t<p>I tako vodimo nas dvoje isprazne razgovore skoro svako jutro, jer skoro svako jutro pada ki\u0161a. Kada ne kukam Miljanu na odsustvo vru\u0107ine tu mi je uvek moja draga Kejt:<\/p><p>\u2013\u00a0\u00a0\u00a0 &#8216;Ajde da se pravimo da smo Nemci, idemo na pla\u017eu i glumimo da nam je vru\u0107e na 20 stepeni.<br \/>\u2013\u00a0\u00a0\u00a0 Jeeeee ajde!<br \/>\u2013\u00a0\u00a0\u00a0 Hocemo da nosimo sandale s otvorenim prstima?<br \/>\u2013\u00a0\u00a0\u00a0 Ah! Bolje japanke idemo na pla\u017eu!<br \/>\u2013\u00a0\u00a0\u00a0 Buuuuuhahahaha pla\u017ea<\/p>\t\t\t\t\t\t\t\t<\/div>\n\t\t\t\t<\/div>\n\t\t\t\t<div class=\"elementor-element elementor-element-455bdd4 elementor-widget elementor-widget-text-editor\" data-id=\"455bdd4\" data-element_type=\"widget\" data-widget_type=\"text-editor.default\">\n\t\t\t\t<div class=\"elementor-widget-container\">\n\t\t\t\t\t\t\t\t\t<p>Iz dana u dan patimo svi mi ne Nemci za Suncem i letom, za letnjim opekotinama, za majicama na bretele i kratkim suknjama, neki i za morem.<\/p>\t\t\t\t\t\t\t\t<\/div>\n\t\t\t\t<\/div>\n\t\t\t\t\t<\/div>\n\t\t\t\t<\/div>\n\t\t\t\t<\/div>\n\t\t","protected":false},"excerpt":{"rendered":"<p>Pada ki\u0161a. Opet. Padala je ceo vikend, padala je juce, padala je no\u0107as. Od kada je po\u010delo leto oznojila sam se ukupno 0 puta, bila nervozna zbog vru\u0107ine 0 puta i nisam mogla da spavam od vru\u0107ine, zamislite opet 0 [&hellip;]<\/p>\n","protected":false},"author":1,"featured_media":0,"comment_status":"open","ping_status":"open","sticky":false,"template":"","format":"standard","meta":{"footnotes":""},"categories":[16,536,502],"tags":[128,180,243,258,488],"class_list":["post-83","post","type-post","status-publish","format-standard","hentry","category-germany","category-germany-stories","category-stories","tag-emigracija","tag-imigracija","tag-kratke-price","tag-licno","tag-zivot"],"_links":{"self":[{"href":"https:\/\/marica.org\/index.php?rest_route=\/wp\/v2\/posts\/83","targetHints":{"allow":["GET"]}}],"collection":[{"href":"https:\/\/marica.org\/index.php?rest_route=\/wp\/v2\/posts"}],"about":[{"href":"https:\/\/marica.org\/index.php?rest_route=\/wp\/v2\/types\/post"}],"author":[{"embeddable":true,"href":"https:\/\/marica.org\/index.php?rest_route=\/wp\/v2\/users\/1"}],"replies":[{"embeddable":true,"href":"https:\/\/marica.org\/index.php?rest_route=%2Fwp%2Fv2%2Fcomments&post=83"}],"version-history":[{"count":4,"href":"https:\/\/marica.org\/index.php?rest_route=\/wp\/v2\/posts\/83\/revisions"}],"predecessor-version":[{"id":13893,"href":"https:\/\/marica.org\/index.php?rest_route=\/wp\/v2\/posts\/83\/revisions\/13893"}],"wp:attachment":[{"href":"https:\/\/marica.org\/index.php?rest_route=%2Fwp%2Fv2%2Fmedia&parent=83"}],"wp:term":[{"taxonomy":"category","embeddable":true,"href":"https:\/\/marica.org\/index.php?rest_route=%2Fwp%2Fv2%2Fcategories&post=83"},{"taxonomy":"post_tag","embeddable":true,"href":"https:\/\/marica.org\/index.php?rest_route=%2Fwp%2Fv2%2Ftags&post=83"}],"curies":[{"name":"wp","href":"https:\/\/api.w.org\/{rel}","templated":true}]}}