{"id":963,"date":"2013-09-01T16:37:08","date_gmt":"2013-09-01T08:37:08","guid":{"rendered":"https:\/\/marica.org\/?p=963"},"modified":"2024-04-08T05:29:39","modified_gmt":"2024-04-08T05:29:39","slug":"seoba-jos-jedna","status":"publish","type":"post","link":"https:\/\/marica.org\/?p=963","title":{"rendered":"Seoba, jo\u0161 jedna"},"content":{"rendered":"<p>Kada sam 10. oktobra 2006. napisala svoj prvi post na ovom blogu i svrstala ga u kategoriju Start najavljuju\u0107i na\u0161u selidbu za \u010ce\u0161ku ni slutila nisam da \u0107u ikada ponovo i\u0161ta napisati u istoj. No eto, posle \u010de\u0161kog Brna, nema\u010dkog Frankfurta i Berlina, vreme do\u0111e za jo\u0161 jedno seljenje. Prvo privremeno, dvomese\u010dno u Amsterdam, a onda Singapur na neodre\u0111eno.<br \/>\nDosta je bilo Nema\u010dke. Mo\u017eda i previ\u0161e.<br \/>\nVreme je za neke nove svetove. Dok ne odemo tamo daleko, nadam se da \u0107u se nakaniti da zavr\u0161im postove o Japanu i napi\u0161em po koji o Holandiji.<\/p>\n","protected":false},"excerpt":{"rendered":"<p>Kada sam 10. oktobra 2006. napisala svoj prvi post na ovom blogu i svrstala ga u kategoriju Start najavljuju\u0107i na\u0161u selidbu za \u010ce\u0161ku ni slutila nisam da \u0107u ikada ponovo i\u0161ta napisati u istoj. No eto, posle \u010de\u0161kog Brna, nema\u010dkog [&hellip;]<\/p>\n","protected":false},"author":1,"featured_media":0,"comment_status":"open","ping_status":"closed","sticky":false,"template":"","format":"standard","meta":{"footnotes":""},"categories":[30,502],"tags":[40,258,408,488],"class_list":["post-963","post","type-post","status-publish","format-standard","hentry","category-start","category-stories","tag-amsterdam","tag-licno","tag-singapur","tag-zivot"],"_links":{"self":[{"href":"https:\/\/marica.org\/index.php?rest_route=\/wp\/v2\/posts\/963","targetHints":{"allow":["GET"]}}],"collection":[{"href":"https:\/\/marica.org\/index.php?rest_route=\/wp\/v2\/posts"}],"about":[{"href":"https:\/\/marica.org\/index.php?rest_route=\/wp\/v2\/types\/post"}],"author":[{"embeddable":true,"href":"https:\/\/marica.org\/index.php?rest_route=\/wp\/v2\/users\/1"}],"replies":[{"embeddable":true,"href":"https:\/\/marica.org\/index.php?rest_route=%2Fwp%2Fv2%2Fcomments&post=963"}],"version-history":[{"count":1,"href":"https:\/\/marica.org\/index.php?rest_route=\/wp\/v2\/posts\/963\/revisions"}],"predecessor-version":[{"id":5739,"href":"https:\/\/marica.org\/index.php?rest_route=\/wp\/v2\/posts\/963\/revisions\/5739"}],"wp:attachment":[{"href":"https:\/\/marica.org\/index.php?rest_route=%2Fwp%2Fv2%2Fmedia&parent=963"}],"wp:term":[{"taxonomy":"category","embeddable":true,"href":"https:\/\/marica.org\/index.php?rest_route=%2Fwp%2Fv2%2Fcategories&post=963"},{"taxonomy":"post_tag","embeddable":true,"href":"https:\/\/marica.org\/index.php?rest_route=%2Fwp%2Fv2%2Ftags&post=963"}],"curies":[{"name":"wp","href":"https:\/\/api.w.org\/{rel}","templated":true}]}}