{"id":965,"date":"2013-09-01T20:54:30","date_gmt":"2013-09-01T12:54:30","guid":{"rendered":"https:\/\/marica.org\/?p=965"},"modified":"2024-04-08T03:46:21","modified_gmt":"2024-04-08T03:46:21","slug":"zandija","status":"publish","type":"post","link":"https:\/\/marica.org\/?p=965","title":{"rendered":"Zandija"},"content":{"rendered":"\t\t<div data-elementor-type=\"wp-post\" data-elementor-id=\"965\" class=\"elementor elementor-965\">\n\t\t\t\t<div class=\"elementor-element elementor-element-452c50d e-flex e-con-boxed e-con e-parent\" data-id=\"452c50d\" data-element_type=\"container\">\n\t\t\t\t\t<div class=\"e-con-inner\">\n\t\t\t\t<div class=\"elementor-element elementor-element-71c32f2 elementor-widget elementor-widget-text-editor\" data-id=\"71c32f2\" data-element_type=\"widget\" data-widget_type=\"text-editor.default\">\n\t\t\t\t<div class=\"elementor-widget-container\">\n\t\t\t\t\t\t\t\t\t<p>Poslednjih par meseci bili smo okupirani ma\u0161tanjem o novoj \u017eivotnoj destinaciji, moja lep\u0161a polovina tra\u017eenjem novog posla koji bi nas na novo mesto odveo, a zatim i pripremama za preseljenje. To \u0161to treba privremeno da odsednemo u Amsterdamu \u010dinio se kao dodatni plus jer su moje dve drugarice iz detinjstva stanovnici zemlje Holandije. U ovoj nizolikoj zemlji bili smo samo jednom, pre nekih pet godina i ostali prili\u010dno ravnodu\u0161ni onim \u0161to ona ima da ponudi. Zbog toga, sve \u0161to ja o\u010dekujem od ove zemlje u slede\u0107a dva meseca je naizmeni\u010dno nalivanje kafama i pivom sa meni dragim ljudima. Plan skroman, prosto savr\u0161en u svojoj jednostavnosti.<\/p>\t\t\t\t\t\t\t\t<\/div>\n\t\t\t\t<\/div>\n\t\t\t\t<div class=\"elementor-element elementor-element-bea0d38 elementor-widget elementor-widget-mkdf_single_image\" data-id=\"bea0d38\" data-element_type=\"widget\" data-widget_type=\"mkdf_single_image.default\">\n\t\t\t\t<div class=\"elementor-widget-container\">\n\t\t\t\t\t<div class=\"mkdf-single-image-holder   \">\n    <div class=\"mkdf-si-inner\" >\n                                    <img fetchpriority=\"high\" decoding=\"async\" width=\"1200\" height=\"800\" src=\"https:\/\/marica.org\/wp-content\/uploads\/2024\/04\/zaandam-8.jpg\" class=\"attachment-full size-full\" alt=\"\" srcset=\"https:\/\/marica.org\/wp-content\/uploads\/2024\/04\/zaandam-8.jpg 1200w, https:\/\/marica.org\/wp-content\/uploads\/2024\/04\/zaandam-8-300x200.jpg 300w, https:\/\/marica.org\/wp-content\/uploads\/2024\/04\/zaandam-8-1024x683.jpg 1024w, https:\/\/marica.org\/wp-content\/uploads\/2024\/04\/zaandam-8-768x512.jpg 768w\" sizes=\"(max-width: 1200px) 100vw, 1200px\" \/>                        <\/div>\n<\/div>\t\t\t\t<\/div>\n\t\t\t\t<\/div>\n\t\t\t\t<div class=\"elementor-element elementor-element-cfc696a elementor-widget elementor-widget-text-editor\" data-id=\"cfc696a\" data-element_type=\"widget\" data-widget_type=\"text-editor.default\">\n\t\t\t\t<div class=\"elementor-widget-container\">\n\t\t\t\t\t\t\t\t\t<p>Iako je trebalo da provedemo ova dva meseca u amsterdamskom hotelu, usled neke gu\u017eve i prebukiranih hotela po\u010detak na\u0161e holandske avanture zapo\u010det je u Zandamu (Zaandam) malom gradi\u0107u severozapadno od Amsterdama. Na putu do Zandama, primetih da na putokazima pi\u0161e \u201cZaanstad\u201d, te pomalo zbunjeno upitah voza\u010da da li je to isto \u0161to i \u201cZaandam\u201d. No kako nau\u010dih od njega do\u0161li smo u Zan zemlju. Njom dominira reka Zan (Zaan), i po istoj mnoga naseljena mesta nose ime. Prirodno, moje slede\u0107e pitanje je bilo, a \u0161ta zna\u010di \u201cZaan\u201d na holandskom, no na to voza\u010d ve\u0107 nije imao odgovor. Ne znam samo da li za to da krivim njegovo neholandsko poreklo ili ne, no za odgovor ostadoh uskra\u0107ena. Sam gradi\u0107 nije preterano impresivan i poznat je samo po tome \u0161to su Monet i Petar Veliki jedared dolazili u isti, no to ga zapravo \u010dini idealnim u ovom trenutku. Posle nedelju dana opra\u0161tanja, rastajanja i spavanja na pokvarenom krevetu na naduvavanje, sve \u0161to smo \u017eeleli je dug vikend u udobnom krevetu. Sanjali smo o 20 sati neprekidnog sna.<\/p>\t\t\t\t\t\t\t\t<\/div>\n\t\t\t\t<\/div>\n\t\t\t\t<div class=\"elementor-element elementor-element-cd04c84 elementor-widget elementor-widget-mkdf_single_image\" data-id=\"cd04c84\" data-element_type=\"widget\" data-widget_type=\"mkdf_single_image.default\">\n\t\t\t\t<div class=\"elementor-widget-container\">\n\t\t\t\t\t<div class=\"mkdf-single-image-holder   \">\n    <div class=\"mkdf-si-inner\" >\n                                    <img decoding=\"async\" width=\"1200\" height=\"800\" src=\"https:\/\/marica.org\/wp-content\/uploads\/2024\/04\/zaandam-2.jpg\" class=\"attachment-full size-full\" alt=\"\" srcset=\"https:\/\/marica.org\/wp-content\/uploads\/2024\/04\/zaandam-2.jpg 1200w, https:\/\/marica.org\/wp-content\/uploads\/2024\/04\/zaandam-2-300x200.jpg 300w, https:\/\/marica.org\/wp-content\/uploads\/2024\/04\/zaandam-2-1024x683.jpg 1024w, https:\/\/marica.org\/wp-content\/uploads\/2024\/04\/zaandam-2-768x512.jpg 768w\" sizes=\"(max-width: 1200px) 100vw, 1200px\" \/>                        <\/div>\n<\/div>\t\t\t\t<\/div>\n\t\t\t\t<\/div>\n\t\t\t\t<div class=\"elementor-element elementor-element-3d209f9 elementor-widget elementor-widget-text-editor\" data-id=\"3d209f9\" data-element_type=\"widget\" data-widget_type=\"text-editor.default\">\n\t\t\t\t<div class=\"elementor-widget-container\">\n\t\t\t\t\t\t\t\t\t<p>Na na\u0161e iznena\u0111enje u subotu smo bili na nogama pre osam, i kako je dan bio sun\u010dan \u0161to se u ovom delu sveta ne ignori\u0161e tako lako odlu\u010dili smo se za obilazak obli\u017enjeg otvorenog muzeja. Nekih 4-5km ka severu, prate\u0107i reku Zan sti\u017ee se do muzeja na otvorenom Zans (Zaanse Schans). Put do njega je vrlo prijatan jer prolazi pokraj nekoliko fabrika za obradu kakaa i proizvodnju \u010dokolade te vas ovaj magi\u010dan miris prati, manje-vi\u0161e celim putem.<\/p>\t\t\t\t\t\t\t\t<\/div>\n\t\t\t\t<\/div>\n\t\t\t\t<div class=\"elementor-element elementor-element-a809c57 elementor-widget elementor-widget-mkdf_single_image\" data-id=\"a809c57\" data-element_type=\"widget\" data-widget_type=\"mkdf_single_image.default\">\n\t\t\t\t<div class=\"elementor-widget-container\">\n\t\t\t\t\t<div class=\"mkdf-single-image-holder   \">\n    <div class=\"mkdf-si-inner\" >\n                                    <img decoding=\"async\" width=\"1200\" height=\"800\" src=\"https:\/\/marica.org\/wp-content\/uploads\/2024\/04\/zaandam-30.jpg\" class=\"attachment-full size-full\" alt=\"\" srcset=\"https:\/\/marica.org\/wp-content\/uploads\/2024\/04\/zaandam-30.jpg 1200w, https:\/\/marica.org\/wp-content\/uploads\/2024\/04\/zaandam-30-300x200.jpg 300w, https:\/\/marica.org\/wp-content\/uploads\/2024\/04\/zaandam-30-1024x683.jpg 1024w, https:\/\/marica.org\/wp-content\/uploads\/2024\/04\/zaandam-30-768x512.jpg 768w\" sizes=\"(max-width: 1200px) 100vw, 1200px\" \/>                        <\/div>\n<\/div>\t\t\t\t<\/div>\n\t\t\t\t<\/div>\n\t\t\t\t<div class=\"elementor-element elementor-element-d8238a0 elementor-widget elementor-widget-mkdf_single_image\" data-id=\"d8238a0\" data-element_type=\"widget\" data-widget_type=\"mkdf_single_image.default\">\n\t\t\t\t<div class=\"elementor-widget-container\">\n\t\t\t\t\t<div class=\"mkdf-single-image-holder   \">\n    <div class=\"mkdf-si-inner\" >\n                                    <img loading=\"lazy\" decoding=\"async\" width=\"1200\" height=\"800\" src=\"https:\/\/marica.org\/wp-content\/uploads\/2024\/04\/zaandam-20.jpg\" class=\"attachment-full size-full\" alt=\"\" srcset=\"https:\/\/marica.org\/wp-content\/uploads\/2024\/04\/zaandam-20.jpg 1200w, https:\/\/marica.org\/wp-content\/uploads\/2024\/04\/zaandam-20-300x200.jpg 300w, https:\/\/marica.org\/wp-content\/uploads\/2024\/04\/zaandam-20-1024x683.jpg 1024w, https:\/\/marica.org\/wp-content\/uploads\/2024\/04\/zaandam-20-768x512.jpg 768w\" sizes=\"(max-width: 1200px) 100vw, 1200px\" \/>                        <\/div>\n<\/div>\t\t\t\t<\/div>\n\t\t\t\t<\/div>\n\t\t\t\t<div class=\"elementor-element elementor-element-6d2b4a5 elementor-widget elementor-widget-text-editor\" data-id=\"6d2b4a5\" data-element_type=\"widget\" data-widget_type=\"text-editor.default\">\n\t\t\t\t<div class=\"elementor-widget-container\">\n\t\t\t\t\t\t\t\t\t<p>Ovaj muzej je kompleks od 8 vetrenja\u010da i nekoliko ku\u0107a donetih iz raznih delova Holandije. Pravo malo idili\u010dno stereotipno holansko selo. Livade po kojima pasu krave i ovce, vetrenja\u010de, jak vetar i biciklisti. Samo su nam lale falile za potpuni u\u017eitak. U kompleksu se nalazi i lokalni Zaan muzej, gomila suvenirnica, radionica u kojoj mo\u017eete da vidite kako se prave tradicionalne klompe i kupite iste. Radionica sireva i prodavnica istih, reprodukciju prve prodavnice danas \u010duvenog lanca prehranbenih proizvoda Albert Heijn i gomilu drugih stvari koje smo mi zaobi\u0161li jer je ulaz morao da se plati.<br \/>Samo jedna od vetrenja\u010da mo\u017ee besplatno da se obilazi, za ostale treba izdvojiti 3 evra. Mi smo se vodili onom, videli smo jednu to je kao da smo videli sve, te ulaz u iste nismo pla\u0107ali. A mo\u017eda smo pomalo ve\u0107 postali holan\u0111ani te nam se evri ne bacaju suludo. Mada ja generalno imam problem sa holandskim suvenirima, sli\u010dno kao i nema\u010dkim. Dok me njihove kulture slabo doti\u010du, kada se iste pretvore u ki\u010di stvari te\u0161ko odolevam da ih ne kupim. Te tako jedva odoleh kupovini klompi, koje su u detinjstvu bile moja omiljena obu\u0107a a ispostavilo se da su ove tradicionalne super udobne i lake. Odoleva\u0107u im verovatno dok ne saznam koji mi je limit za prtljag u Singapuru, a onda \u0107u istim da probijam u\u0161i budu\u0107im kom\u0161ijama.<\/p>\t\t\t\t\t\t\t\t<\/div>\n\t\t\t\t<\/div>\n\t\t\t\t<div class=\"elementor-element elementor-element-1541aef elementor-widget elementor-widget-mkdf_single_image\" data-id=\"1541aef\" data-element_type=\"widget\" data-widget_type=\"mkdf_single_image.default\">\n\t\t\t\t<div class=\"elementor-widget-container\">\n\t\t\t\t\t<div class=\"mkdf-single-image-holder   \">\n    <div class=\"mkdf-si-inner\" >\n                                    <img loading=\"lazy\" decoding=\"async\" width=\"1200\" height=\"800\" src=\"https:\/\/marica.org\/wp-content\/uploads\/2024\/04\/zaandam-28.jpg\" class=\"attachment-full size-full\" alt=\"\" srcset=\"https:\/\/marica.org\/wp-content\/uploads\/2024\/04\/zaandam-28.jpg 1200w, https:\/\/marica.org\/wp-content\/uploads\/2024\/04\/zaandam-28-300x200.jpg 300w, https:\/\/marica.org\/wp-content\/uploads\/2024\/04\/zaandam-28-1024x683.jpg 1024w, https:\/\/marica.org\/wp-content\/uploads\/2024\/04\/zaandam-28-768x512.jpg 768w\" sizes=\"(max-width: 1200px) 100vw, 1200px\" \/>                        <\/div>\n<\/div>\t\t\t\t<\/div>\n\t\t\t\t<\/div>\n\t\t\t\t<div class=\"elementor-element elementor-element-d8bc834 elementor-widget elementor-widget-text-editor\" data-id=\"d8bc834\" data-element_type=\"widget\" data-widget_type=\"text-editor.default\">\n\t\t\t\t<div class=\"elementor-widget-container\">\n\t\t\t\t\t\t\t\t\t<p>Vi\u0161e slika mo\u017eete na\u0107i u mojoj galeriji:<\/p>\t\t\t\t\t\t\t\t<\/div>\n\t\t\t\t<\/div>\n\t\t\t\t<div class=\"elementor-element elementor-element-5fbb430 elementor-widget elementor-widget-mkdf_blog_list\" data-id=\"5fbb430\" data-element_type=\"widget\" data-widget_type=\"mkdf_blog_list.default\">\n\t\t\t\t<div class=\"elementor-widget-container\">\n\t\t\t\t\t<div class=\"mkdf-blog-list-holder mkdf-grid-list mkdf-disable-bottom-space mkdf-bl-custom mkdf-five-columns mkdf-micro-space mkdf-bl-pag-no-pagination  \"  data-type=custom data-number-of-posts=-1 data-number-of-columns=five data-space-between-items=micro data-category=NetherlandsPhotos data-orderby=title data-order=ASC data-image-size=full data-title-tag=h5 data-excerpt-length=40 data-post-info-image=yes data-post-info-author=no data-post-info-date=no data-post-info-category=no data-post-info-comments=no data-post-info-like=no data-post-info-share=no data-pagination-type=no-pagination data-post-info-destination=no data-content-align=center-alignment data-post-info-read-more=no data-max-num-pages=0 data-next-page=2>\n\t<div class=\"mkdf-bl-wrapper mkdf-outer-space\">\n\t\t<ul class=\"mkdf-blog-list\">\n\t\t\t\n<li class=\"mkdf-bl-item mkdf-item-space \">\n\t<div class=\"mkdf-bli-inner\">\n\t\t\n\t<div class=\"mkdf-post-image\">\n\t\t\t\t\t<a itemprop=\"url\" href=\"https:\/\/marica.org\/?p=16861\" title=\"Amsterdam\">\n\t\t\t\t\t<img loading=\"lazy\" decoding=\"async\" width=\"1200\" height=\"800\" src=\"https:\/\/marica.org\/wp-content\/uploads\/2024\/04\/amsterdam-50.jpg\" class=\"attachment-full size-full\" alt=\"\" srcset=\"https:\/\/marica.org\/wp-content\/uploads\/2024\/04\/amsterdam-50.jpg 1200w, https:\/\/marica.org\/wp-content\/uploads\/2024\/04\/amsterdam-50-300x200.jpg 300w, https:\/\/marica.org\/wp-content\/uploads\/2024\/04\/amsterdam-50-1024x683.jpg 1024w, https:\/\/marica.org\/wp-content\/uploads\/2024\/04\/amsterdam-50-768x512.jpg 768w\" sizes=\"(max-width: 1200px) 100vw, 1200px\" \/>\t\t\t\t\t<\/a>\n\t\t\t\t\t<\/div>\n\n\t\t<div class=\"mkdf-bli-content\" >\n            \n<h5 itemprop=\"name\" class=\"entry-title mkdf-post-title\" >\n            <a itemprop=\"url\" href=\"https:\/\/marica.org\/?p=16861\" title=\"Amsterdam\">\n            Amsterdam            <\/a>\n    <\/h5>            <div class=\"mkdf-bli-excerpt\">\n\t\t\t\t\t\t\t\t            <\/div>\n            \t\t<\/div>\n\t<\/div>\n<\/li>\n<li class=\"mkdf-bl-item mkdf-item-space \">\n\t<div class=\"mkdf-bli-inner\">\n\t\t\n\t<div class=\"mkdf-post-image\">\n\t\t\t\t\t<a itemprop=\"url\" href=\"https:\/\/marica.org\/?p=16925\" title=\"Haarlem\">\n\t\t\t\t\t<img loading=\"lazy\" decoding=\"async\" width=\"1200\" height=\"800\" src=\"https:\/\/marica.org\/wp-content\/uploads\/2024\/04\/Haarlem-9.jpg\" class=\"attachment-full size-full\" alt=\"\" srcset=\"https:\/\/marica.org\/wp-content\/uploads\/2024\/04\/Haarlem-9.jpg 1200w, https:\/\/marica.org\/wp-content\/uploads\/2024\/04\/Haarlem-9-300x200.jpg 300w, https:\/\/marica.org\/wp-content\/uploads\/2024\/04\/Haarlem-9-1024x683.jpg 1024w, https:\/\/marica.org\/wp-content\/uploads\/2024\/04\/Haarlem-9-768x512.jpg 768w\" sizes=\"(max-width: 1200px) 100vw, 1200px\" \/>\t\t\t\t\t<\/a>\n\t\t\t\t\t<\/div>\n\n\t\t<div class=\"mkdf-bli-content\" >\n            \n<h5 itemprop=\"name\" class=\"entry-title mkdf-post-title\" >\n            <a itemprop=\"url\" href=\"https:\/\/marica.org\/?p=16925\" title=\"Haarlem\">\n            Haarlem            <\/a>\n    <\/h5>            <div class=\"mkdf-bli-excerpt\">\n\t\t\t\t\t\t\t\t            <\/div>\n            \t\t<\/div>\n\t<\/div>\n<\/li>\n<li class=\"mkdf-bl-item mkdf-item-space \">\n\t<div class=\"mkdf-bli-inner\">\n\t\t\n\t<div class=\"mkdf-post-image\">\n\t\t\t\t\t<a itemprop=\"url\" href=\"https:\/\/marica.org\/?p=11034\" title=\"Rotterdam\">\n\t\t\t\t\t<img loading=\"lazy\" decoding=\"async\" width=\"1200\" height=\"800\" src=\"https:\/\/marica.org\/wp-content\/uploads\/2024\/04\/rotterdam-4.jpg\" class=\"attachment-full size-full\" alt=\"\" srcset=\"https:\/\/marica.org\/wp-content\/uploads\/2024\/04\/rotterdam-4.jpg 1200w, https:\/\/marica.org\/wp-content\/uploads\/2024\/04\/rotterdam-4-300x200.jpg 300w, https:\/\/marica.org\/wp-content\/uploads\/2024\/04\/rotterdam-4-1024x683.jpg 1024w, https:\/\/marica.org\/wp-content\/uploads\/2024\/04\/rotterdam-4-768x512.jpg 768w\" sizes=\"(max-width: 1200px) 100vw, 1200px\" \/>\t\t\t\t\t<\/a>\n\t\t\t\t\t<\/div>\n\n\t\t<div class=\"mkdf-bli-content\" >\n            \n<h5 itemprop=\"name\" class=\"entry-title mkdf-post-title\" >\n            <a itemprop=\"url\" href=\"https:\/\/marica.org\/?p=11034\" title=\"Rotterdam\">\n            Rotterdam            <\/a>\n    <\/h5>            <div class=\"mkdf-bli-excerpt\">\n\t\t\t\t\t\t\t\t            <\/div>\n            \t\t<\/div>\n\t<\/div>\n<\/li>\n<li class=\"mkdf-bl-item mkdf-item-space \">\n\t<div class=\"mkdf-bli-inner\">\n\t\t\n\t<div class=\"mkdf-post-image\">\n\t\t\t\t\t<a itemprop=\"url\" href=\"https:\/\/marica.org\/?p=11178\" title=\"Zaandam\">\n\t\t\t\t\t<img fetchpriority=\"high\" decoding=\"async\" width=\"1200\" height=\"800\" src=\"https:\/\/marica.org\/wp-content\/uploads\/2024\/04\/zaandam-8.jpg\" class=\"attachment-full size-full\" alt=\"\" srcset=\"https:\/\/marica.org\/wp-content\/uploads\/2024\/04\/zaandam-8.jpg 1200w, https:\/\/marica.org\/wp-content\/uploads\/2024\/04\/zaandam-8-300x200.jpg 300w, https:\/\/marica.org\/wp-content\/uploads\/2024\/04\/zaandam-8-1024x683.jpg 1024w, https:\/\/marica.org\/wp-content\/uploads\/2024\/04\/zaandam-8-768x512.jpg 768w\" sizes=\"(max-width: 1200px) 100vw, 1200px\" \/>\t\t\t\t\t<\/a>\n\t\t\t\t\t<\/div>\n\n\t\t<div class=\"mkdf-bli-content\" >\n            \n<h5 itemprop=\"name\" class=\"entry-title mkdf-post-title\" >\n            <a itemprop=\"url\" href=\"https:\/\/marica.org\/?p=11178\" title=\"Zaandam\">\n            Zaandam            <\/a>\n    <\/h5>            <div class=\"mkdf-bli-excerpt\">\n\t\t\t\t\t\t\t\t            <\/div>\n            \t\t<\/div>\n\t<\/div>\n<\/li>\t\t<\/ul>\n\t<\/div>\n\t<\/div>\t\t\t\t<\/div>\n\t\t\t\t<\/div>\n\t\t\t\t\t<\/div>\n\t\t\t\t<\/div>\n\t\t\t\t<\/div>\n\t\t","protected":false},"excerpt":{"rendered":"<p>Poslednjih par meseci bili smo okupirani ma\u0161tanjem o novoj \u017eivotnoj destinaciji, moja lep\u0161a polovina tra\u017eenjem novog posla koji bi nas na novo mesto odveo, a zatim i pripremama za preseljenje. To \u0161to treba privremeno da odsednemo u Amsterdamu \u010dinio se [&hellip;]<\/p>\n","protected":false},"author":1,"featured_media":0,"comment_status":"open","ping_status":"closed","sticky":false,"template":"","format":"standard","meta":{"footnotes":""},"categories":[23,549,502],"tags":[48,114,140,173,229,302,334,359,371,390,470,481,491],"class_list":["post-965","post","type-post","status-publish","format-standard","hentry","category-netherlands","category-netherlands-stories","category-stories","tag-atrakcije","tag-duga-setnja","tag-fotografija","tag-holandija","tag-klompe","tag-muzeji","tag-park","tag-priroda","tag-putovanja","tag-samostalna-putovanja","tag-vetrenjace","tag-zan","tag-znamenitosti"],"_links":{"self":[{"href":"https:\/\/marica.org\/index.php?rest_route=\/wp\/v2\/posts\/965","targetHints":{"allow":["GET"]}}],"collection":[{"href":"https:\/\/marica.org\/index.php?rest_route=\/wp\/v2\/posts"}],"about":[{"href":"https:\/\/marica.org\/index.php?rest_route=\/wp\/v2\/types\/post"}],"author":[{"embeddable":true,"href":"https:\/\/marica.org\/index.php?rest_route=\/wp\/v2\/users\/1"}],"replies":[{"embeddable":true,"href":"https:\/\/marica.org\/index.php?rest_route=%2Fwp%2Fv2%2Fcomments&post=965"}],"version-history":[{"count":4,"href":"https:\/\/marica.org\/index.php?rest_route=\/wp\/v2\/posts\/965\/revisions"}],"predecessor-version":[{"id":11253,"href":"https:\/\/marica.org\/index.php?rest_route=\/wp\/v2\/posts\/965\/revisions\/11253"}],"wp:attachment":[{"href":"https:\/\/marica.org\/index.php?rest_route=%2Fwp%2Fv2%2Fmedia&parent=965"}],"wp:term":[{"taxonomy":"category","embeddable":true,"href":"https:\/\/marica.org\/index.php?rest_route=%2Fwp%2Fv2%2Fcategories&post=965"},{"taxonomy":"post_tag","embeddable":true,"href":"https:\/\/marica.org\/index.php?rest_route=%2Fwp%2Fv2%2Ftags&post=965"}],"curies":[{"name":"wp","href":"https:\/\/api.w.org\/{rel}","templated":true}]}}